{"id":18989,"date":"2023-01-18T17:48:27","date_gmt":"2023-01-18T16:48:27","guid":{"rendered":"https:\/\/agora.xtec.cat\/ceippladedalt\/?p=18989"},"modified":"2023-01-19T17:58:02","modified_gmt":"2023-01-19T16:58:02","slug":"capsules-formatives-online","status":"publish","type":"post","link":"https:\/\/agora.xtec.cat\/ceippladedalt\/portada\/capsules-formatives-online\/","title":{"rendered":"C\u00c0PSULES FORMATIVES ONLINE."},"content":{"rendered":"<div>Benvolgudes fam\u00edlies,<\/div>\n<div><\/div>\n<div>Primer de tot, bon any i una bona tornada a la rutina!<\/div>\n<div><\/div>\n<div><span style=\"font-family: inherit; font-size: 1em;\">Des de DIPSALUT, organisme de Salut P\u00fablica de la Diputaci\u00f3 de Girona,\u00a0 ens han fet arribar la programaci\u00f3 de les <\/span><b style=\"font-family: inherit; font-size: 1em;\">c\u00e0psules formatives\u00a0<i>online<\/i>\u00a0<\/b><span style=\"font-family: inherit; font-size: 1em;\">d&#8217;aquest segon trimestre, que creiem que poden ser del vostre inter\u00e8s.<\/span><\/div>\n<div><\/div>\n<div><span style=\"font-family: inherit; font-size: 1em;\">S\u00f3n c\u00e0psules tem\u00e0tiques sobre\u00a0<\/span><b style=\"font-family: inherit; font-size: 1em;\">salut, benestar i crian\u00e7a. Aquest trimestre abordarem el tema de la sexualitat. <\/b><\/div>\n<div><\/div>\n<div><u style=\"font-family: inherit; font-size: 1em;\">La mateixa c\u00e0psula es repeteix en directe en diversos dies i horaris diferents<\/u><span style=\"font-family: inherit; font-size: 1em;\"> per tal de facilitar l&#8217;assist\u00e8ncia. Les fam\u00edlies us podeu inscriure al dia i hora que us vagi millor.<\/span><\/div>\n<div><\/div>\n<div><span style=\"color: #000000; font-family: Arial, Helvetica, sans-serif; font-size: 1em;\">Les dues c\u00e0psules que ofereixen s\u00f3n:\u00a0<\/span><\/div>\n<div dir=\"ltr\">\n<div dir=\"ltr\">\n<div dir=\"ltr\">\n<div>\n<ul>\n<li><b>COM ACOMPANYAR LA SEXULAITAT DELS INFANTS, amb Anna S\u00e0lvia (psic\u00f2loga en educaci\u00f3 i salut sexual).\u00a0<\/b>Recomanada per a fam\u00edlies amb infants d\u2019infantil i prim\u00e0ria (0-12 anys).<\/li>\n<\/ul>\n<\/div>\n<\/div>\n<div dir=\"ltr\">\n<ul>\n<li><b>SEXUALITAT I PORNOGRAFIA A L&#8217;ADOLESC\u00c8NCIA, amb J\u00falia Suriol (especialista en intervenci\u00f3 psicosocial i g\u00e8nere) de l&#8217;entitat 360\u00ba Cartografies Humanes i Socials.\u00a0<\/b>Recomanada per a fam\u00edlies amb fills i filles de secund\u00e0ria (12-18 anys).<\/li>\n<\/ul>\n<\/div>\n<div dir=\"ltr\">\n<div>Esperem que sigui del vostre inter\u00e8s.<\/div>\n<div><\/div>\n<div style=\"text-align: center;\"><strong>INSCRIPCI\u00d3:\u00a0<\/strong><\/div>\n<div style=\"text-align: center;\">\n<div><\/div>\n<\/div>\n<div style=\"text-align: center;\"><strong><a href=\"https:\/\/agora.xtec.cat\/ceippladedalt\/wp-content\/uploads\/usu2126\/2023\/01\/Capsules-febrer_marc_2023_Dipsalut.pdf\">C\u00e0psules febrer_mar\u00e7_2023_Dipsalut<\/a><\/strong><\/div>\n<\/div>\n<\/div>\n<\/div>\n","protected":false},"excerpt":{"rendered":"<p>Benvolgudes fam\u00edlies,<\/p>\n<p>Primer de tot, bon any i una bona tornada a la rutina!<\/p>\n<p>Des de DIPSALUT, organisme de Salut P\u00fablica de la Diputaci\u00f3 de Girona,\u00a0 ens han fet arribar la programaci\u00f3 de les c\u00e0psules formatives\u00a0online\u00a0d&#8217;aquest segon trimestre, que creiem que poden ser del vostre inter\u00e8s.<\/p>\n<p>S\u00f3n c\u00e0psules&hellip;  <a href=\"https:\/\/agora.xtec.cat\/ceippladedalt\/portada\/capsules-formatives-online\/\" title=\"Read C\u00c0PSULES FORMATIVES ONLINE.\">Llegeix m\u00e9s\u00bb<\/a><\/p>\n","protected":false},"author":1,"featured_media":18991,"comment_status":"open","ping_status":"closed","sticky":false,"template":"","format":"standard","meta":{"_bbp_topic_count":0,"_bbp_reply_count":0,"_bbp_total_topic_count":0,"_bbp_total_reply_count":0,"_bbp_voice_count":0,"_bbp_anonymous_reply_count":0,"_bbp_topic_count_hidden":0,"_bbp_reply_count_hidden":0,"_bbp_forum_subforum_count":0,"footnotes":""},"categories":[4],"tags":[],"class_list":["post-18989","post","type-post","status-publish","format-standard","has-post-thumbnail","hentry","category-portada"],"post_mailing_queue_ids":[],"_links":{"self":[{"href":"https:\/\/agora.xtec.cat\/ceippladedalt\/wp-json\/wp\/v2\/posts\/18989","targetHints":{"allow":["GET"]}}],"collection":[{"href":"https:\/\/agora.xtec.cat\/ceippladedalt\/wp-json\/wp\/v2\/posts"}],"about":[{"href":"https:\/\/agora.xtec.cat\/ceippladedalt\/wp-json\/wp\/v2\/types\/post"}],"author":[{"embeddable":true,"href":"https:\/\/agora.xtec.cat\/ceippladedalt\/wp-json\/wp\/v2\/users\/1"}],"replies":[{"embeddable":true,"href":"https:\/\/agora.xtec.cat\/ceippladedalt\/wp-json\/wp\/v2\/comments?post=18989"}],"version-history":[{"count":3,"href":"https:\/\/agora.xtec.cat\/ceippladedalt\/wp-json\/wp\/v2\/posts\/18989\/revisions"}],"predecessor-version":[{"id":18995,"href":"https:\/\/agora.xtec.cat\/ceippladedalt\/wp-json\/wp\/v2\/posts\/18989\/revisions\/18995"}],"wp:featuredmedia":[{"embeddable":true,"href":"https:\/\/agora.xtec.cat\/ceippladedalt\/wp-json\/wp\/v2\/media\/18991"}],"wp:attachment":[{"href":"https:\/\/agora.xtec.cat\/ceippladedalt\/wp-json\/wp\/v2\/media?parent=18989"}],"wp:term":[{"taxonomy":"category","embeddable":true,"href":"https:\/\/agora.xtec.cat\/ceippladedalt\/wp-json\/wp\/v2\/categories?post=18989"},{"taxonomy":"post_tag","embeddable":true,"href":"https:\/\/agora.xtec.cat\/ceippladedalt\/wp-json\/wp\/v2\/tags?post=18989"}],"curies":[{"name":"wp","href":"https:\/\/api.w.org\/{rel}","templated":true}]}}