{"id":18975,"date":"2023-01-18T17:26:13","date_gmt":"2023-01-18T16:26:13","guid":{"rendered":"https:\/\/agora.xtec.cat\/ceippladedalt\/?p=18975"},"modified":"2023-01-18T17:26:13","modified_gmt":"2023-01-18T16:26:13","slug":"bicis-actives","status":"publish","type":"post","link":"https:\/\/agora.xtec.cat\/ceippladedalt\/portada\/bicis-actives\/","title":{"rendered":"BICIS ACTIVES"},"content":{"rendered":"<p style=\"font-weight: 400;\">Benvolgudes fam\u00edlies,<\/p>\n<p style=\"font-weight: 400;\">El proper<strong> dissabte 21 de gener<\/strong> es dur\u00e0 a terme un nou <strong>taller per ensenyar a mantenir i reparar bicicletes<\/strong> emmarcat dins el projecte de Bici Actives.<\/p>\n<p style=\"font-weight: 400;\">Bicis actives \u00e9s un projecte per recuperar o reutilitzar bicicletes que estan en des\u00fas i cedir-les a persones que no en tenen i les necessiten pels seus despla\u00e7aments quotidians.<\/p>\n<p style=\"font-weight: 400;\">L\u2019objectiu del taller es donar a con\u00e8ixer el projecte i a m\u00e9s ensenyar a fer les reparacions b\u00e0siques de manteniment de les bicicletes.<\/p>\n<p style=\"font-weight: 400;\">Si teniu la bicicleta espatllada i voleu aprendre a arreglar-la&#8230;\u00a0 us deixem informaci\u00f3 del taller.<\/p>\n<p>&nbsp;<\/p>\n<p><img loading=\"lazy\" decoding=\"async\" class=\"alignleft wp-image-18978 size-large\" src=\"https:\/\/agora.xtec.cat\/ceippladedalt\/wp-content\/uploads\/usu2126\/2023\/01\/Fulleto-davant-483x1024.jpg\" alt=\"\" width=\"483\" height=\"1024\" srcset=\"https:\/\/agora.xtec.cat\/ceippladedalt\/wp-content\/uploads\/usu2126\/2023\/01\/Fulleto-davant-483x1024.jpg 483w, https:\/\/agora.xtec.cat\/ceippladedalt\/wp-content\/uploads\/usu2126\/2023\/01\/Fulleto-davant-141x300.jpg 141w, https:\/\/agora.xtec.cat\/ceippladedalt\/wp-content\/uploads\/usu2126\/2023\/01\/Fulleto-davant-768x1629.jpg 768w, https:\/\/agora.xtec.cat\/ceippladedalt\/wp-content\/uploads\/usu2126\/2023\/01\/Fulleto-davant-724x1536.jpg 724w, https:\/\/agora.xtec.cat\/ceippladedalt\/wp-content\/uploads\/usu2126\/2023\/01\/Fulleto-davant.jpg 943w\" sizes=\"auto, (max-width: 483px) 100vw, 483px\" \/><\/p>\n<p><img loading=\"lazy\" decoding=\"async\" class=\"aligncenter wp-image-18977 size-large\" src=\"https:\/\/agora.xtec.cat\/ceippladedalt\/wp-content\/uploads\/usu2126\/2023\/01\/Fulleto-darrera-483x1024.jpg\" alt=\"\" width=\"483\" height=\"1024\" srcset=\"https:\/\/agora.xtec.cat\/ceippladedalt\/wp-content\/uploads\/usu2126\/2023\/01\/Fulleto-darrera-483x1024.jpg 483w, https:\/\/agora.xtec.cat\/ceippladedalt\/wp-content\/uploads\/usu2126\/2023\/01\/Fulleto-darrera-141x300.jpg 141w, https:\/\/agora.xtec.cat\/ceippladedalt\/wp-content\/uploads\/usu2126\/2023\/01\/Fulleto-darrera-768x1629.jpg 768w, https:\/\/agora.xtec.cat\/ceippladedalt\/wp-content\/uploads\/usu2126\/2023\/01\/Fulleto-darrera-724x1536.jpg 724w, https:\/\/agora.xtec.cat\/ceippladedalt\/wp-content\/uploads\/usu2126\/2023\/01\/Fulleto-darrera.jpg 943w\" sizes=\"auto, (max-width: 483px) 100vw, 483px\" \/><\/p>\n","protected":false},"excerpt":{"rendered":"<p>Benvolgudes fam\u00edlies,<br \/>\nEl proper dissabte 21 de gener es dur\u00e0 a terme un nou taller per ensenyar a mantenir i reparar bicicletes emmarcat dins el projecte de Bici Actives.<br \/>\nBicis actives \u00e9s un projecte per recuperar o reutilitzar bicicletes que estan en des\u00fas i cedir-les a persones&hellip;  <a href=\"https:\/\/agora.xtec.cat\/ceippladedalt\/portada\/bicis-actives\/\" title=\"Read BICIS ACTIVES\">Llegeix m\u00e9s\u00bb<\/a><\/p>\n","protected":false},"author":1,"featured_media":18976,"comment_status":"open","ping_status":"closed","sticky":false,"template":"","format":"standard","meta":{"_bbp_topic_count":0,"_bbp_reply_count":0,"_bbp_total_topic_count":0,"_bbp_total_reply_count":0,"_bbp_voice_count":0,"_bbp_anonymous_reply_count":0,"_bbp_topic_count_hidden":0,"_bbp_reply_count_hidden":0,"_bbp_forum_subforum_count":0,"footnotes":""},"categories":[4],"tags":[],"class_list":["post-18975","post","type-post","status-publish","format-standard","has-post-thumbnail","hentry","category-portada"],"post_mailing_queue_ids":[],"_links":{"self":[{"href":"https:\/\/agora.xtec.cat\/ceippladedalt\/wp-json\/wp\/v2\/posts\/18975","targetHints":{"allow":["GET"]}}],"collection":[{"href":"https:\/\/agora.xtec.cat\/ceippladedalt\/wp-json\/wp\/v2\/posts"}],"about":[{"href":"https:\/\/agora.xtec.cat\/ceippladedalt\/wp-json\/wp\/v2\/types\/post"}],"author":[{"embeddable":true,"href":"https:\/\/agora.xtec.cat\/ceippladedalt\/wp-json\/wp\/v2\/users\/1"}],"replies":[{"embeddable":true,"href":"https:\/\/agora.xtec.cat\/ceippladedalt\/wp-json\/wp\/v2\/comments?post=18975"}],"version-history":[{"count":1,"href":"https:\/\/agora.xtec.cat\/ceippladedalt\/wp-json\/wp\/v2\/posts\/18975\/revisions"}],"predecessor-version":[{"id":18979,"href":"https:\/\/agora.xtec.cat\/ceippladedalt\/wp-json\/wp\/v2\/posts\/18975\/revisions\/18979"}],"wp:featuredmedia":[{"embeddable":true,"href":"https:\/\/agora.xtec.cat\/ceippladedalt\/wp-json\/wp\/v2\/media\/18976"}],"wp:attachment":[{"href":"https:\/\/agora.xtec.cat\/ceippladedalt\/wp-json\/wp\/v2\/media?parent=18975"}],"wp:term":[{"taxonomy":"category","embeddable":true,"href":"https:\/\/agora.xtec.cat\/ceippladedalt\/wp-json\/wp\/v2\/categories?post=18975"},{"taxonomy":"post_tag","embeddable":true,"href":"https:\/\/agora.xtec.cat\/ceippladedalt\/wp-json\/wp\/v2\/tags?post=18975"}],"curies":[{"name":"wp","href":"https:\/\/api.w.org\/{rel}","templated":true}]}}