{"id":18908,"date":"2022-12-16T08:44:35","date_gmt":"2022-12-16T07:44:35","guid":{"rendered":"https:\/\/agora.xtec.cat\/ceippladedalt\/?p=18908"},"modified":"2022-12-19T09:47:34","modified_gmt":"2022-12-19T08:47:34","slug":"festa-nadal-escola-i-afa","status":"publish","type":"post","link":"https:\/\/agora.xtec.cat\/ceippladedalt\/portada\/festa-nadal-escola-i-afa\/","title":{"rendered":"LA M\u00c0GIA DEL NADAL"},"content":{"rendered":"<p>S\u2019apropen les festes nadalenques i des de l\u2019ESCOLA PLA DE DALT i l\u2019AFA us volem convidar a una tarda molt especial per compartir tots plegats.<\/p>\n<p>Des de les tutories us faran arribar un <u>full d\u2019assist\u00e8ncia<\/u> a la festa. Tots els nens i nenes han d\u2019anar a acompanyats d\u2019un adult.<\/p>\n<p><strong>PROGRAMA DE LA FESTA<\/strong><\/p>\n<p><strong>16:45h Exposici\u00f3 de treballs nadalencs <\/strong>als passadissos de l\u2019escola. Les fam\u00edlies podran visitar els diferents passadissos on es mostraran diferents treballs dels alumnes.<\/p>\n<p><strong>17:15 Cantada de la nadala \u201c<a href=\"https:\/\/www.youtube.com\/watch?v=_XEZMVx-2Co\">Torna a ser Nadal\u201d del grup Maced\u00f2nia <\/a><\/strong>tots junts al pati de sorra. Us hem enviat la can\u00e7\u00f3 i l\u2019enlla\u00e7 perqu\u00e8 la practiqueu i poder cantar-la tots junts!!<\/p>\n<p><strong>17:30 Xocolatada popular amb coca i tallers de manualitats <\/strong>organitzats per l\u2019AFA. \u00a0Un cop acabi la Nadala podreu gaudir d\u2019un delici\u00f3s berenar. No oblideu portar el vostre <u>got i cullera<\/u> de cares a reduir envasos. Els tallers seran: \u201cFer un ren com a decoraci\u00f3 de nadal\u201d i\u00a0 \u201cFes el teu turr\u00f3\u201d. Tamb\u00e9 hi haur\u00e0 venda de bra\u00e7alets lluminosos i bastons de Nadal.<\/p>\n<p><strong>18:00 Cloenda de la festa (aprox.)<\/strong><\/p>\n<p>Aprofitem per recordar-vos que durant la tarda tamb\u00e9 es vendr\u00e0 el <u>Calendari 2023<\/u> de l\u2019escola. No us quedeu sense!<\/p>\n<p><img loading=\"lazy\" decoding=\"async\" class=\"aligncenter wp-image-18853 size-large\" src=\"https:\/\/agora.xtec.cat\/ceippladedalt\/wp-content\/uploads\/usu2126\/2022\/12\/Festa-nadal-2022-invitacio-1024x683.jpeg\" alt=\"\" width=\"1024\" height=\"683\" srcset=\"https:\/\/agora.xtec.cat\/ceippladedalt\/wp-content\/uploads\/usu2126\/2022\/12\/Festa-nadal-2022-invitacio-1024x683.jpeg 1024w, https:\/\/agora.xtec.cat\/ceippladedalt\/wp-content\/uploads\/usu2126\/2022\/12\/Festa-nadal-2022-invitacio-300x200.jpeg 300w, https:\/\/agora.xtec.cat\/ceippladedalt\/wp-content\/uploads\/usu2126\/2022\/12\/Festa-nadal-2022-invitacio-768x512.jpeg 768w, https:\/\/agora.xtec.cat\/ceippladedalt\/wp-content\/uploads\/usu2126\/2022\/12\/Festa-nadal-2022-invitacio-1536x1024.jpeg 1536w, https:\/\/agora.xtec.cat\/ceippladedalt\/wp-content\/uploads\/usu2126\/2022\/12\/Festa-nadal-2022-invitacio-2048x1365.jpeg 2048w\" sizes=\"auto, (max-width: 1024px) 100vw, 1024px\" \/><\/p>\n<p style=\"text-align: center;\"><strong>\u00a0<\/strong><span style=\"color: #ff0000;\"><strong><em>Us hi esperem a tots i a totes!!<\/em><\/strong><\/span><\/p>\n<p style=\"text-align: center;\"><span style=\"color: #ff0000;\"><strong><em>Escola i AFA<\/em><\/strong><\/span><\/p>\n<h4 style=\"text-align: center;\"><\/h4>\n","protected":false},"excerpt":{"rendered":"<p>S\u2019apropen les festes nadalenques i des de l\u2019ESCOLA PLA DE DALT i l\u2019AFA us volem convidar a una tarda molt especial per compartir tots plegats.<br \/>\nDes de les tutories us faran arribar un full d\u2019assist\u00e8ncia a la festa. Tots els nens i nenes han d\u2019anar a&hellip;  <a href=\"https:\/\/agora.xtec.cat\/ceippladedalt\/portada\/festa-nadal-escola-i-afa\/\" title=\"Read LA M\u00c0GIA DEL NADAL\">Llegeix m\u00e9s\u00bb<\/a><\/p>\n","protected":false},"author":1,"featured_media":18912,"comment_status":"open","ping_status":"closed","sticky":false,"template":"","format":"standard","meta":{"_bbp_topic_count":0,"_bbp_reply_count":0,"_bbp_total_topic_count":0,"_bbp_total_reply_count":0,"_bbp_voice_count":0,"_bbp_anonymous_reply_count":0,"_bbp_topic_count_hidden":0,"_bbp_reply_count_hidden":0,"_bbp_forum_subforum_count":0,"footnotes":""},"categories":[4],"tags":[],"class_list":["post-18908","post","type-post","status-publish","format-standard","has-post-thumbnail","hentry","category-portada"],"post_mailing_queue_ids":[],"_links":{"self":[{"href":"https:\/\/agora.xtec.cat\/ceippladedalt\/wp-json\/wp\/v2\/posts\/18908","targetHints":{"allow":["GET"]}}],"collection":[{"href":"https:\/\/agora.xtec.cat\/ceippladedalt\/wp-json\/wp\/v2\/posts"}],"about":[{"href":"https:\/\/agora.xtec.cat\/ceippladedalt\/wp-json\/wp\/v2\/types\/post"}],"author":[{"embeddable":true,"href":"https:\/\/agora.xtec.cat\/ceippladedalt\/wp-json\/wp\/v2\/users\/1"}],"replies":[{"embeddable":true,"href":"https:\/\/agora.xtec.cat\/ceippladedalt\/wp-json\/wp\/v2\/comments?post=18908"}],"version-history":[{"count":3,"href":"https:\/\/agora.xtec.cat\/ceippladedalt\/wp-json\/wp\/v2\/posts\/18908\/revisions"}],"predecessor-version":[{"id":18916,"href":"https:\/\/agora.xtec.cat\/ceippladedalt\/wp-json\/wp\/v2\/posts\/18908\/revisions\/18916"}],"wp:featuredmedia":[{"embeddable":true,"href":"https:\/\/agora.xtec.cat\/ceippladedalt\/wp-json\/wp\/v2\/media\/18912"}],"wp:attachment":[{"href":"https:\/\/agora.xtec.cat\/ceippladedalt\/wp-json\/wp\/v2\/media?parent=18908"}],"wp:term":[{"taxonomy":"category","embeddable":true,"href":"https:\/\/agora.xtec.cat\/ceippladedalt\/wp-json\/wp\/v2\/categories?post=18908"},{"taxonomy":"post_tag","embeddable":true,"href":"https:\/\/agora.xtec.cat\/ceippladedalt\/wp-json\/wp\/v2\/tags?post=18908"}],"curies":[{"name":"wp","href":"https:\/\/api.w.org\/{rel}","templated":true}]}}