{"id":18715,"date":"2022-10-21T13:32:59","date_gmt":"2022-10-21T11:32:59","guid":{"rendered":"https:\/\/agora.xtec.cat\/ceippladedalt\/?p=18715"},"modified":"2022-10-21T13:38:04","modified_gmt":"2022-10-21T11:38:04","slug":"celebrem-sant-lluc","status":"publish","type":"post","link":"https:\/\/agora.xtec.cat\/ceippladedalt\/portada\/celebrem-sant-lluc\/","title":{"rendered":"CELEBREM SANT LLUC"},"content":{"rendered":"<p>&nbsp;<\/p>\n<p style=\"text-align: center;\"><strong>La Fira de Sant Lluc<\/strong>\u00a0\u00e9s la fira amb m\u00e9s hist\u00f2ria d\u2019Olot!<\/p>\n<p style=\"text-align: center;\">Fa m\u00e9s de 700 anys que es fa i t\u00e9 lloc cada\u00a0<strong>tardor<\/strong>,\u00a0<strong>durant el cap de setmana m\u00e9s proper a Sant Lluc,\u00a0<\/strong>que \u00e9s el 18 d\u2019octubre. Per celebrar que Sant Lluc \u00e9s el patr\u00f3 dels artistes, els nens i nenes de l&#8217;escola Pla de Dalt han preparat una exposici\u00f3 art\u00edstica al pati.<\/p>\n<p style=\"text-align: center;\">Us deixem alguns dels dibuixos&#8230;<\/p>\n<p style=\"text-align: center;\">Esperem que us agradin!!<\/p>\n<p><img loading=\"lazy\" decoding=\"async\" class=\"aligncenter wp-image-18721 size-large\" src=\"https:\/\/agora.xtec.cat\/ceippladedalt\/wp-content\/uploads\/usu2126\/2022\/10\/Sant-lluc-5-1024x1024.jpeg\" alt=\"\" width=\"1024\" height=\"1024\" srcset=\"https:\/\/agora.xtec.cat\/ceippladedalt\/wp-content\/uploads\/usu2126\/2022\/10\/Sant-lluc-5-1024x1024.jpeg 1024w, https:\/\/agora.xtec.cat\/ceippladedalt\/wp-content\/uploads\/usu2126\/2022\/10\/Sant-lluc-5-300x300.jpeg 300w, https:\/\/agora.xtec.cat\/ceippladedalt\/wp-content\/uploads\/usu2126\/2022\/10\/Sant-lluc-5-150x150.jpeg 150w, https:\/\/agora.xtec.cat\/ceippladedalt\/wp-content\/uploads\/usu2126\/2022\/10\/Sant-lluc-5-768x768.jpeg 768w, https:\/\/agora.xtec.cat\/ceippladedalt\/wp-content\/uploads\/usu2126\/2022\/10\/Sant-lluc-5-1536x1536.jpeg 1536w, https:\/\/agora.xtec.cat\/ceippladedalt\/wp-content\/uploads\/usu2126\/2022\/10\/Sant-lluc-5.jpeg 1732w\" sizes=\"auto, (max-width: 1024px) 100vw, 1024px\" \/><\/p>\n<p><img loading=\"lazy\" decoding=\"async\" class=\"aligncenter wp-image-18717 size-large\" src=\"https:\/\/agora.xtec.cat\/ceippladedalt\/wp-content\/uploads\/usu2126\/2022\/10\/Sant-lluc-1-1024x1024.jpeg\" alt=\"\" width=\"1024\" height=\"1024\" srcset=\"https:\/\/agora.xtec.cat\/ceippladedalt\/wp-content\/uploads\/usu2126\/2022\/10\/Sant-lluc-1-1024x1024.jpeg 1024w, https:\/\/agora.xtec.cat\/ceippladedalt\/wp-content\/uploads\/usu2126\/2022\/10\/Sant-lluc-1-300x300.jpeg 300w, https:\/\/agora.xtec.cat\/ceippladedalt\/wp-content\/uploads\/usu2126\/2022\/10\/Sant-lluc-1-150x150.jpeg 150w, https:\/\/agora.xtec.cat\/ceippladedalt\/wp-content\/uploads\/usu2126\/2022\/10\/Sant-lluc-1-768x768.jpeg 768w, https:\/\/agora.xtec.cat\/ceippladedalt\/wp-content\/uploads\/usu2126\/2022\/10\/Sant-lluc-1-1536x1536.jpeg 1536w, https:\/\/agora.xtec.cat\/ceippladedalt\/wp-content\/uploads\/usu2126\/2022\/10\/Sant-lluc-1.jpeg 1732w\" sizes=\"auto, (max-width: 1024px) 100vw, 1024px\" \/> <img loading=\"lazy\" decoding=\"async\" class=\"aligncenter wp-image-18718 size-large\" src=\"https:\/\/agora.xtec.cat\/ceippladedalt\/wp-content\/uploads\/usu2126\/2022\/10\/Sant-lluc-2-1024x1024.jpeg\" alt=\"\" width=\"1024\" height=\"1024\" srcset=\"https:\/\/agora.xtec.cat\/ceippladedalt\/wp-content\/uploads\/usu2126\/2022\/10\/Sant-lluc-2-1024x1024.jpeg 1024w, https:\/\/agora.xtec.cat\/ceippladedalt\/wp-content\/uploads\/usu2126\/2022\/10\/Sant-lluc-2-300x300.jpeg 300w, https:\/\/agora.xtec.cat\/ceippladedalt\/wp-content\/uploads\/usu2126\/2022\/10\/Sant-lluc-2-150x150.jpeg 150w, https:\/\/agora.xtec.cat\/ceippladedalt\/wp-content\/uploads\/usu2126\/2022\/10\/Sant-lluc-2-768x768.jpeg 768w, https:\/\/agora.xtec.cat\/ceippladedalt\/wp-content\/uploads\/usu2126\/2022\/10\/Sant-lluc-2-1536x1536.jpeg 1536w, https:\/\/agora.xtec.cat\/ceippladedalt\/wp-content\/uploads\/usu2126\/2022\/10\/Sant-lluc-2.jpeg 1732w\" sizes=\"auto, (max-width: 1024px) 100vw, 1024px\" \/> <img loading=\"lazy\" decoding=\"async\" class=\"aligncenter wp-image-18719 size-large\" src=\"https:\/\/agora.xtec.cat\/ceippladedalt\/wp-content\/uploads\/usu2126\/2022\/10\/Sant-lluc-3-1024x1024.jpeg\" alt=\"\" width=\"1024\" height=\"1024\" srcset=\"https:\/\/agora.xtec.cat\/ceippladedalt\/wp-content\/uploads\/usu2126\/2022\/10\/Sant-lluc-3-1024x1024.jpeg 1024w, https:\/\/agora.xtec.cat\/ceippladedalt\/wp-content\/uploads\/usu2126\/2022\/10\/Sant-lluc-3-300x300.jpeg 300w, https:\/\/agora.xtec.cat\/ceippladedalt\/wp-content\/uploads\/usu2126\/2022\/10\/Sant-lluc-3-150x150.jpeg 150w, https:\/\/agora.xtec.cat\/ceippladedalt\/wp-content\/uploads\/usu2126\/2022\/10\/Sant-lluc-3-768x768.jpeg 768w, https:\/\/agora.xtec.cat\/ceippladedalt\/wp-content\/uploads\/usu2126\/2022\/10\/Sant-lluc-3-1536x1536.jpeg 1536w, https:\/\/agora.xtec.cat\/ceippladedalt\/wp-content\/uploads\/usu2126\/2022\/10\/Sant-lluc-3.jpeg 1732w\" sizes=\"auto, (max-width: 1024px) 100vw, 1024px\" \/><\/p>\n","protected":false},"excerpt":{"rendered":"<p>&nbsp;<br \/>\nLa Fira de Sant Lluc\u00a0\u00e9s la fira amb m\u00e9s hist\u00f2ria d\u2019Olot!<br \/>\nFa m\u00e9s de 700 anys que es fa i t\u00e9 lloc cada\u00a0tardor,\u00a0durant el cap de setmana m\u00e9s proper a Sant Lluc,\u00a0que \u00e9s el 18 d\u2019octubre. Per celebrar que Sant Lluc \u00e9s el patr\u00f3 dels artistes,&hellip;  <a href=\"https:\/\/agora.xtec.cat\/ceippladedalt\/portada\/celebrem-sant-lluc\/\" title=\"Read CELEBREM SANT LLUC\">Llegeix m\u00e9s\u00bb<\/a><\/p>\n","protected":false},"author":1,"featured_media":18716,"comment_status":"open","ping_status":"closed","sticky":false,"template":"","format":"standard","meta":{"_bbp_topic_count":0,"_bbp_reply_count":0,"_bbp_total_topic_count":0,"_bbp_total_reply_count":0,"_bbp_voice_count":0,"_bbp_anonymous_reply_count":0,"_bbp_topic_count_hidden":0,"_bbp_reply_count_hidden":0,"_bbp_forum_subforum_count":0,"footnotes":""},"categories":[5,4],"tags":[],"class_list":["post-18715","post","type-post","status-publish","format-standard","has-post-thumbnail","hentry","category-cursos","category-portada"],"post_mailing_queue_ids":[],"_links":{"self":[{"href":"https:\/\/agora.xtec.cat\/ceippladedalt\/wp-json\/wp\/v2\/posts\/18715","targetHints":{"allow":["GET"]}}],"collection":[{"href":"https:\/\/agora.xtec.cat\/ceippladedalt\/wp-json\/wp\/v2\/posts"}],"about":[{"href":"https:\/\/agora.xtec.cat\/ceippladedalt\/wp-json\/wp\/v2\/types\/post"}],"author":[{"embeddable":true,"href":"https:\/\/agora.xtec.cat\/ceippladedalt\/wp-json\/wp\/v2\/users\/1"}],"replies":[{"embeddable":true,"href":"https:\/\/agora.xtec.cat\/ceippladedalt\/wp-json\/wp\/v2\/comments?post=18715"}],"version-history":[{"count":2,"href":"https:\/\/agora.xtec.cat\/ceippladedalt\/wp-json\/wp\/v2\/posts\/18715\/revisions"}],"predecessor-version":[{"id":18722,"href":"https:\/\/agora.xtec.cat\/ceippladedalt\/wp-json\/wp\/v2\/posts\/18715\/revisions\/18722"}],"wp:featuredmedia":[{"embeddable":true,"href":"https:\/\/agora.xtec.cat\/ceippladedalt\/wp-json\/wp\/v2\/media\/18716"}],"wp:attachment":[{"href":"https:\/\/agora.xtec.cat\/ceippladedalt\/wp-json\/wp\/v2\/media?parent=18715"}],"wp:term":[{"taxonomy":"category","embeddable":true,"href":"https:\/\/agora.xtec.cat\/ceippladedalt\/wp-json\/wp\/v2\/categories?post=18715"},{"taxonomy":"post_tag","embeddable":true,"href":"https:\/\/agora.xtec.cat\/ceippladedalt\/wp-json\/wp\/v2\/tags?post=18715"}],"curies":[{"name":"wp","href":"https:\/\/api.w.org\/{rel}","templated":true}]}}