{"id":18520,"date":"2022-09-16T11:11:04","date_gmt":"2022-09-16T09:11:04","guid":{"rendered":"https:\/\/agora.xtec.cat\/ceippladedalt\/?p=18520"},"modified":"2022-09-23T11:16:33","modified_gmt":"2022-09-23T09:16:33","slug":"inauguracio-del-curs-22-23","status":"publish","type":"post","link":"https:\/\/agora.xtec.cat\/ceippladedalt\/portada\/inauguracio-del-curs-22-23\/","title":{"rendered":"INAUGURACI\u00d3 DEL CURS 22-23"},"content":{"rendered":"<p>Ahir, dijous 15 de setembre, tota l&#8217;escola de I3 fins a 6\u00e8 vam donar la benvinguda al nou curs escolar amb el Ball del Drac Droc dels alumnes de 5\u00e8.<\/p>\n<p>Trobareu el v\u00eddeo a l&#8217;instagram de l&#8217;escola!<\/p>\n<p><img loading=\"lazy\" decoding=\"async\" class=\"aligncenter wp-image-18440 size-large\" src=\"https:\/\/agora.xtec.cat\/ceippladedalt\/wp-content\/uploads\/usu2126\/2022\/09\/Inauguracio-22-23-1024x768.jpeg\" alt=\"\" width=\"1024\" height=\"768\" srcset=\"https:\/\/agora.xtec.cat\/ceippladedalt\/wp-content\/uploads\/usu2126\/2022\/09\/Inauguracio-22-23-1024x768.jpeg 1024w, https:\/\/agora.xtec.cat\/ceippladedalt\/wp-content\/uploads\/usu2126\/2022\/09\/Inauguracio-22-23-300x225.jpeg 300w, https:\/\/agora.xtec.cat\/ceippladedalt\/wp-content\/uploads\/usu2126\/2022\/09\/Inauguracio-22-23-768x576.jpeg 768w, https:\/\/agora.xtec.cat\/ceippladedalt\/wp-content\/uploads\/usu2126\/2022\/09\/Inauguracio-22-23-1536x1152.jpeg 1536w, https:\/\/agora.xtec.cat\/ceippladedalt\/wp-content\/uploads\/usu2126\/2022\/09\/Inauguracio-22-23-200x150.jpeg 200w, https:\/\/agora.xtec.cat\/ceippladedalt\/wp-content\/uploads\/usu2126\/2022\/09\/Inauguracio-22-23.jpeg 2000w\" sizes=\"auto, (max-width: 1024px) 100vw, 1024px\" \/><\/p>\n","protected":false},"excerpt":{"rendered":"<p>Ahir, dijous 15 de setembre, tota l&#8217;escola de I3 fins a 6\u00e8 vam donar la benvinguda al nou curs escolar amb el Ball del Drac Droc dels alumnes de 5\u00e8.<br \/>\nTrobareu el v\u00eddeo a l&#8217;instagram de l&#8217;escola!<\/p>\n","protected":false},"author":1,"featured_media":18440,"comment_status":"open","ping_status":"closed","sticky":false,"template":"","format":"standard","meta":{"_bbp_topic_count":0,"_bbp_reply_count":0,"_bbp_total_topic_count":0,"_bbp_total_reply_count":0,"_bbp_voice_count":0,"_bbp_anonymous_reply_count":0,"_bbp_topic_count_hidden":0,"_bbp_reply_count_hidden":0,"_bbp_forum_subforum_count":0,"footnotes":""},"categories":[4],"tags":[],"class_list":["post-18520","post","type-post","status-publish","format-standard","has-post-thumbnail","hentry","category-portada"],"post_mailing_queue_ids":[],"_links":{"self":[{"href":"https:\/\/agora.xtec.cat\/ceippladedalt\/wp-json\/wp\/v2\/posts\/18520","targetHints":{"allow":["GET"]}}],"collection":[{"href":"https:\/\/agora.xtec.cat\/ceippladedalt\/wp-json\/wp\/v2\/posts"}],"about":[{"href":"https:\/\/agora.xtec.cat\/ceippladedalt\/wp-json\/wp\/v2\/types\/post"}],"author":[{"embeddable":true,"href":"https:\/\/agora.xtec.cat\/ceippladedalt\/wp-json\/wp\/v2\/users\/1"}],"replies":[{"embeddable":true,"href":"https:\/\/agora.xtec.cat\/ceippladedalt\/wp-json\/wp\/v2\/comments?post=18520"}],"version-history":[{"count":1,"href":"https:\/\/agora.xtec.cat\/ceippladedalt\/wp-json\/wp\/v2\/posts\/18520\/revisions"}],"predecessor-version":[{"id":18521,"href":"https:\/\/agora.xtec.cat\/ceippladedalt\/wp-json\/wp\/v2\/posts\/18520\/revisions\/18521"}],"wp:featuredmedia":[{"embeddable":true,"href":"https:\/\/agora.xtec.cat\/ceippladedalt\/wp-json\/wp\/v2\/media\/18440"}],"wp:attachment":[{"href":"https:\/\/agora.xtec.cat\/ceippladedalt\/wp-json\/wp\/v2\/media?parent=18520"}],"wp:term":[{"taxonomy":"category","embeddable":true,"href":"https:\/\/agora.xtec.cat\/ceippladedalt\/wp-json\/wp\/v2\/categories?post=18520"},{"taxonomy":"post_tag","embeddable":true,"href":"https:\/\/agora.xtec.cat\/ceippladedalt\/wp-json\/wp\/v2\/tags?post=18520"}],"curies":[{"name":"wp","href":"https:\/\/api.w.org\/{rel}","templated":true}]}}