{"id":1843,"date":"2021-02-10T18:52:30","date_gmt":"2021-02-10T17:52:30","guid":{"rendered":"https:\/\/agora.xtec.cat\/ceippladedalt\/?p=1843"},"modified":"2021-02-10T18:52:30","modified_gmt":"2021-02-10T17:52:30","slug":"preinscripcio-2021-22","status":"publish","type":"post","link":"https:\/\/agora.xtec.cat\/ceippladedalt\/portada\/preinscripcio-2021-22\/","title":{"rendered":"PREINSCRIPCI\u00d3 2021-22"},"content":{"rendered":"<p>El Departament d&#8217;Educaci\u00f3 ha publicat les dates de la preinscripci\u00f3 pel curs 2021-22.<\/p>\n<p><strong>Presentaci\u00f3 de sol\u00b7licituds de preinscripci\u00f3:<\/strong><\/p>\n<p>Educaci\u00f3 infantil de segon cicle i educaci\u00f3 prim\u00e0ria del <strong>15 al 24 de mar\u00e7<\/strong> de 2021<\/p>\n<p>En breu posarem a disposici\u00f3 de totes les fam\u00edlies interessades tota la informaci\u00f3 sobre l&#8217;escola i les properes jornades de portes obertes amb cita pr\u00e8via.<\/p>\n<p><img loading=\"lazy\" decoding=\"async\" class=\"wp-image-1844 size-large aligncenter\" src=\"https:\/\/agora.xtec.cat\/ceippladedalt\/wp-content\/uploads\/usu2126\/2021\/02\/IMG_6580-1024x768.jpg\" alt=\"\" width=\"1024\" height=\"768\" srcset=\"https:\/\/agora.xtec.cat\/ceippladedalt\/wp-content\/uploads\/usu2126\/2021\/02\/IMG_6580-1024x768.jpg 1024w, https:\/\/agora.xtec.cat\/ceippladedalt\/wp-content\/uploads\/usu2126\/2021\/02\/IMG_6580-300x225.jpg 300w, https:\/\/agora.xtec.cat\/ceippladedalt\/wp-content\/uploads\/usu2126\/2021\/02\/IMG_6580-768x576.jpg 768w, https:\/\/agora.xtec.cat\/ceippladedalt\/wp-content\/uploads\/usu2126\/2021\/02\/IMG_6580-200x150.jpg 200w, https:\/\/agora.xtec.cat\/ceippladedalt\/wp-content\/uploads\/usu2126\/2021\/02\/IMG_6580.jpg 2016w\" sizes=\"auto, (max-width: 1024px) 100vw, 1024px\" \/><\/p>\n<p>&nbsp;<\/p>\n","protected":false},"excerpt":{"rendered":"<p>El Departament d&#8217;Educaci\u00f3 ha publicat les dates de la preinscripci\u00f3 pel curs 2021-22.<br \/>\nPresentaci\u00f3 de sol\u00b7licituds de preinscripci\u00f3:<br \/>\nEducaci\u00f3 infantil de segon cicle i educaci\u00f3 prim\u00e0ria del 15 al 24 de mar\u00e7 de 2021<br \/>\nEn breu posarem a disposici\u00f3 de totes les fam\u00edlies interessades tota la informaci\u00f3 sobre&hellip;  <a href=\"https:\/\/agora.xtec.cat\/ceippladedalt\/portada\/preinscripcio-2021-22\/\" title=\"Read PREINSCRIPCI\u00d3 2021-22\">Llegeix m\u00e9s\u00bb<\/a><\/p>\n","protected":false},"author":1,"featured_media":1805,"comment_status":"open","ping_status":"closed","sticky":false,"template":"","format":"standard","meta":{"_bbp_topic_count":0,"_bbp_reply_count":0,"_bbp_total_topic_count":0,"_bbp_total_reply_count":0,"_bbp_voice_count":0,"_bbp_anonymous_reply_count":0,"_bbp_topic_count_hidden":0,"_bbp_reply_count_hidden":0,"_bbp_forum_subforum_count":0,"footnotes":""},"categories":[4],"tags":[],"class_list":["post-1843","post","type-post","status-publish","format-standard","has-post-thumbnail","hentry","category-portada"],"post_mailing_queue_ids":[],"_links":{"self":[{"href":"https:\/\/agora.xtec.cat\/ceippladedalt\/wp-json\/wp\/v2\/posts\/1843","targetHints":{"allow":["GET"]}}],"collection":[{"href":"https:\/\/agora.xtec.cat\/ceippladedalt\/wp-json\/wp\/v2\/posts"}],"about":[{"href":"https:\/\/agora.xtec.cat\/ceippladedalt\/wp-json\/wp\/v2\/types\/post"}],"author":[{"embeddable":true,"href":"https:\/\/agora.xtec.cat\/ceippladedalt\/wp-json\/wp\/v2\/users\/1"}],"replies":[{"embeddable":true,"href":"https:\/\/agora.xtec.cat\/ceippladedalt\/wp-json\/wp\/v2\/comments?post=1843"}],"version-history":[{"count":1,"href":"https:\/\/agora.xtec.cat\/ceippladedalt\/wp-json\/wp\/v2\/posts\/1843\/revisions"}],"predecessor-version":[{"id":1845,"href":"https:\/\/agora.xtec.cat\/ceippladedalt\/wp-json\/wp\/v2\/posts\/1843\/revisions\/1845"}],"wp:featuredmedia":[{"embeddable":true,"href":"https:\/\/agora.xtec.cat\/ceippladedalt\/wp-json\/wp\/v2\/media\/1805"}],"wp:attachment":[{"href":"https:\/\/agora.xtec.cat\/ceippladedalt\/wp-json\/wp\/v2\/media?parent=1843"}],"wp:term":[{"taxonomy":"category","embeddable":true,"href":"https:\/\/agora.xtec.cat\/ceippladedalt\/wp-json\/wp\/v2\/categories?post=1843"},{"taxonomy":"post_tag","embeddable":true,"href":"https:\/\/agora.xtec.cat\/ceippladedalt\/wp-json\/wp\/v2\/tags?post=1843"}],"curies":[{"name":"wp","href":"https:\/\/api.w.org\/{rel}","templated":true}]}}