{"id":18358,"date":"2022-07-08T18:35:59","date_gmt":"2022-07-08T16:35:59","guid":{"rendered":"https:\/\/agora.xtec.cat\/ceippladedalt\/?p=18358"},"modified":"2022-07-19T13:11:21","modified_gmt":"2022-07-19T11:11:21","slug":"butlleti-destiu-curs-2022-23","status":"publish","type":"post","link":"https:\/\/agora.xtec.cat\/ceippladedalt\/portada\/butlleti-destiu-curs-2022-23\/","title":{"rendered":"BUTLLET\u00cd D&#8217;ESTIU. CURS 2022-23"},"content":{"rendered":"<p><a href=\"https:\/\/drive.google.com\/file\/d\/1S8URu8PY8v2QwgO1Y4I5PLfqpLzdwPJb\/view?usp=sharing\" target=\"_blank\" rel=\"noopener\"><img loading=\"lazy\" decoding=\"async\" class=\"size-medium wp-image-18355 aligncenter\" src=\"https:\/\/agora.xtec.cat\/ceippladedalt\/wp-content\/uploads\/usu2126\/2022\/07\/Portada-butlleti-estiu-217x300.jpg\" alt=\"\" width=\"217\" height=\"300\" srcset=\"https:\/\/agora.xtec.cat\/ceippladedalt\/wp-content\/uploads\/usu2126\/2022\/07\/Portada-butlleti-estiu-217x300.jpg 217w, https:\/\/agora.xtec.cat\/ceippladedalt\/wp-content\/uploads\/usu2126\/2022\/07\/Portada-butlleti-estiu.jpg 537w\" sizes=\"auto, (max-width: 217px) 100vw, 217px\" \/><\/a><\/p>\n<p>Hem acabat un nou curs que va comen\u00e7ar amb incerteses per\u00f2 que finalment ha acabat millor del que esper\u00e0vem.<\/p>\n<p>Aquest dossier cont\u00e9 informaci\u00f3 de tipus general: calendari, horari escolar, reunions de cicle, material, menjador i AFA. Vol ser una eina \u00fatil que podeu consultar durant tot el curs escolar.<\/p>\n<p>El trobareu a la p\u00e0gina web a DOCUMENTS<\/p>\n<p>Esperem que us sigui d&#8217;utilitat.<\/p>\n<p>Bon estiu!<\/p>\n","protected":false},"excerpt":{"rendered":"<p><a href=\"https:\/\/drive.google.com\/file\/d\/1S8URu8PY8v2QwgO1Y4I5PLfqpLzdwPJb\/view?usp=sharing\" target=\"_blank\" rel=\"noopener\"><\/a><br \/>\nHem acabat un nou curs que va comen\u00e7ar amb incerteses per\u00f2 que finalment ha acabat millor del que esper\u00e0vem.<br \/>\nAquest dossier cont\u00e9 informaci\u00f3 de tipus general: calendari, horari escolar, reunions de cicle, material, menjador i AFA. Vol ser una eina \u00fatil que podeu&hellip;  <a href=\"https:\/\/agora.xtec.cat\/ceippladedalt\/portada\/butlleti-destiu-curs-2022-23\/\" title=\"Read BUTLLET\u00cd D&#8217;ESTIU. CURS 2022-23\">Llegeix m\u00e9s\u00bb<\/a><\/p>\n","protected":false},"author":1,"featured_media":18355,"comment_status":"open","ping_status":"closed","sticky":false,"template":"","format":"standard","meta":{"_bbp_topic_count":0,"_bbp_reply_count":0,"_bbp_total_topic_count":0,"_bbp_total_reply_count":0,"_bbp_voice_count":0,"_bbp_anonymous_reply_count":0,"_bbp_topic_count_hidden":0,"_bbp_reply_count_hidden":0,"_bbp_forum_subforum_count":0,"footnotes":""},"categories":[4],"tags":[],"class_list":["post-18358","post","type-post","status-publish","format-standard","has-post-thumbnail","hentry","category-portada"],"post_mailing_queue_ids":[],"_links":{"self":[{"href":"https:\/\/agora.xtec.cat\/ceippladedalt\/wp-json\/wp\/v2\/posts\/18358","targetHints":{"allow":["GET"]}}],"collection":[{"href":"https:\/\/agora.xtec.cat\/ceippladedalt\/wp-json\/wp\/v2\/posts"}],"about":[{"href":"https:\/\/agora.xtec.cat\/ceippladedalt\/wp-json\/wp\/v2\/types\/post"}],"author":[{"embeddable":true,"href":"https:\/\/agora.xtec.cat\/ceippladedalt\/wp-json\/wp\/v2\/users\/1"}],"replies":[{"embeddable":true,"href":"https:\/\/agora.xtec.cat\/ceippladedalt\/wp-json\/wp\/v2\/comments?post=18358"}],"version-history":[{"count":3,"href":"https:\/\/agora.xtec.cat\/ceippladedalt\/wp-json\/wp\/v2\/posts\/18358\/revisions"}],"predecessor-version":[{"id":18370,"href":"https:\/\/agora.xtec.cat\/ceippladedalt\/wp-json\/wp\/v2\/posts\/18358\/revisions\/18370"}],"wp:featuredmedia":[{"embeddable":true,"href":"https:\/\/agora.xtec.cat\/ceippladedalt\/wp-json\/wp\/v2\/media\/18355"}],"wp:attachment":[{"href":"https:\/\/agora.xtec.cat\/ceippladedalt\/wp-json\/wp\/v2\/media?parent=18358"}],"wp:term":[{"taxonomy":"category","embeddable":true,"href":"https:\/\/agora.xtec.cat\/ceippladedalt\/wp-json\/wp\/v2\/categories?post=18358"},{"taxonomy":"post_tag","embeddable":true,"href":"https:\/\/agora.xtec.cat\/ceippladedalt\/wp-json\/wp\/v2\/tags?post=18358"}],"curies":[{"name":"wp","href":"https:\/\/api.w.org\/{rel}","templated":true}]}}