{"id":18316,"date":"2022-06-22T12:29:07","date_gmt":"2022-06-22T10:29:07","guid":{"rendered":"https:\/\/agora.xtec.cat\/ceippladedalt\/?p=18316"},"modified":"2022-06-27T09:43:11","modified_gmt":"2022-06-27T07:43:11","slug":"notes-de-condol","status":"publish","type":"post","link":"https:\/\/agora.xtec.cat\/ceippladedalt\/portada\/notes-de-condol\/","title":{"rendered":"Nota de condol"},"content":{"rendered":"<table style=\"border-collapse: collapse; width: 92.8197%;\">\n<tbody>\n<tr>\n<td style=\"width: 88.9936%;\">\n<h5 style=\"text-align: center;\">Tota la Comunitat de l\u2019escola Pla de Dalt volem expressar el nostre condol m\u00e9s sentit per la mort d\u2019en <span style=\"text-decoration: underline;\"><strong>Gurjas<\/strong><\/span>,<\/h5>\n<h5 style=\"text-align: center;\">ex-alumne i germ\u00e0 d\u2019un alumne de la nostra escola.<\/h5>\n<\/td>\n<td style=\"width: 18.4306%;\"><img loading=\"lazy\" decoding=\"async\" class=\"wp-image-2991 aligncenter\" src=\"https:\/\/agora.xtec.cat\/ceippladedalt\/wp-content\/uploads\/usu2126\/2021\/11\/Llac-condol.png\" alt=\"\" width=\"82\" height=\"107\" \/><\/td>\n<td style=\"width: 14.324%;\">\n<h5><\/h5>\n<\/td>\n<\/tr>\n<\/tbody>\n<\/table>\n<p style=\"text-align: center;\"><strong>Acompanyem a la fam\u00edlia i amistats en aquests moments de tristesa i dolor. <\/strong><\/p>\n<p style=\"text-align: center;\"><strong>Descansin en Pau.<\/strong><\/p>\n<blockquote>\n<p style=\"text-align: center;\"><em>A la nit, mirar\u00e0s les estrelles. La meva \u00e9s massa<\/em><\/p>\n<p style=\"text-align: center;\"><em>petita perqu\u00e8 et pugui ensenyar on \u00e9s. Val m\u00e9s aix\u00ed.<\/em><\/p>\n<p style=\"text-align: center;\"><em>Per tu la meva estrella ser\u00e0 una de les estrelles.<\/em><\/p>\n<p style=\"text-align: center;\"><em>Aleshores, t\u2019agradar\u00e0 mirar-te-les totes, les estrelles&#8230;<\/em><\/p>\n<p style=\"text-align: center;\"><em>Totes seran amigues teves&#8230; Aquest ser\u00e0 el meu regal.<\/em><\/p>\n<\/blockquote>\n<p><img loading=\"lazy\" decoding=\"async\" class=\"aligncenter wp-image-18302 size-full\" src=\"https:\/\/agora.xtec.cat\/ceippladedalt\/wp-content\/uploads\/usu2126\/2022\/06\/pprince2.gif\" alt=\"\" width=\"850\" height=\"478\" \/><\/p>\n<blockquote><p>&nbsp;<\/p><\/blockquote>\n","protected":false},"excerpt":{"rendered":"<p>Tota la Comunitat de l\u2019escola Pla de Dalt volem expressar el nostre condol m\u00e9s sentit per la mort d\u2019en Gurjas,<br \/>\nex-alumne i germ\u00e0 d\u2019un alumne de la nostra escola.<\/p>\n<p>Acompanyem a la fam\u00edlia i amistats en aquests moments de tristesa i dolor.<br \/>\nDescansin en Pau.<\/p>\n<p>A la nit,&hellip;  <a href=\"https:\/\/agora.xtec.cat\/ceippladedalt\/portada\/notes-de-condol\/\" title=\"Read Nota de condol\">Llegeix m\u00e9s\u00bb<\/a><\/p>\n","protected":false},"author":1,"featured_media":18302,"comment_status":"open","ping_status":"closed","sticky":false,"template":"","format":"standard","meta":{"_bbp_topic_count":0,"_bbp_reply_count":0,"_bbp_total_topic_count":0,"_bbp_total_reply_count":0,"_bbp_voice_count":0,"_bbp_anonymous_reply_count":0,"_bbp_topic_count_hidden":0,"_bbp_reply_count_hidden":0,"_bbp_forum_subforum_count":0,"footnotes":""},"categories":[4],"tags":[],"class_list":["post-18316","post","type-post","status-publish","format-standard","has-post-thumbnail","hentry","category-portada"],"post_mailing_queue_ids":[],"_links":{"self":[{"href":"https:\/\/agora.xtec.cat\/ceippladedalt\/wp-json\/wp\/v2\/posts\/18316","targetHints":{"allow":["GET"]}}],"collection":[{"href":"https:\/\/agora.xtec.cat\/ceippladedalt\/wp-json\/wp\/v2\/posts"}],"about":[{"href":"https:\/\/agora.xtec.cat\/ceippladedalt\/wp-json\/wp\/v2\/types\/post"}],"author":[{"embeddable":true,"href":"https:\/\/agora.xtec.cat\/ceippladedalt\/wp-json\/wp\/v2\/users\/1"}],"replies":[{"embeddable":true,"href":"https:\/\/agora.xtec.cat\/ceippladedalt\/wp-json\/wp\/v2\/comments?post=18316"}],"version-history":[{"count":3,"href":"https:\/\/agora.xtec.cat\/ceippladedalt\/wp-json\/wp\/v2\/posts\/18316\/revisions"}],"predecessor-version":[{"id":18323,"href":"https:\/\/agora.xtec.cat\/ceippladedalt\/wp-json\/wp\/v2\/posts\/18316\/revisions\/18323"}],"wp:featuredmedia":[{"embeddable":true,"href":"https:\/\/agora.xtec.cat\/ceippladedalt\/wp-json\/wp\/v2\/media\/18302"}],"wp:attachment":[{"href":"https:\/\/agora.xtec.cat\/ceippladedalt\/wp-json\/wp\/v2\/media?parent=18316"}],"wp:term":[{"taxonomy":"category","embeddable":true,"href":"https:\/\/agora.xtec.cat\/ceippladedalt\/wp-json\/wp\/v2\/categories?post=18316"},{"taxonomy":"post_tag","embeddable":true,"href":"https:\/\/agora.xtec.cat\/ceippladedalt\/wp-json\/wp\/v2\/tags?post=18316"}],"curies":[{"name":"wp","href":"https:\/\/api.w.org\/{rel}","templated":true}]}}