{"id":18106,"date":"2022-05-27T16:10:32","date_gmt":"2022-05-27T14:10:32","guid":{"rendered":"https:\/\/agora.xtec.cat\/ceippladedalt\/?p=18106"},"modified":"2022-05-30T15:35:37","modified_gmt":"2022-05-30T13:35:37","slug":"entorn-sense-fum","status":"publish","type":"post","link":"https:\/\/agora.xtec.cat\/ceippladedalt\/portada\/entorn-sense-fum\/","title":{"rendered":"ENTORN SENSE FUM"},"content":{"rendered":"<p>Benvolgudes fam\u00edlies,<\/p>\n<p>Com haureu vist ja s\u2019han instal\u00b7lat els\u00a0cartells <strong><u>d\u2019entorn sense fum<\/u><\/strong>\u00a0a les sortides de l\u2019escola.<\/p>\n<p>Els principals objectius del programa \u201centorn sense fum\u201d a Olot s\u00f3n:<\/p>\n<ul>\n<li>Prevenir i retardar l\u2019inici del consum de tabac en la poblaci\u00f3 infantil i jove<\/li>\n<li>Disminuir i evitar l\u2019exposici\u00f3 d\u2019infants i joves al fum ambiental del tabac<\/li>\n<li>Sensibilitzar als adults com a referents modalitzadors, informant dels riscos del consum de tabac i de l\u2019exposici\u00f3 al fum ambiental del tabac<\/li>\n<li>Reduir l\u2019impacte ambiental del tabac<\/li>\n<\/ul>\n<p>En definitiva, amb la col\u00b7locaci\u00f3 dels r\u00e8tols es pret\u00e9n declarar determinats espais lliures de fum i evitar la pres\u00e8ncia d\u2019adults fumant en espais oberts freq\u00fcentats per infants i joves. Es vol avan\u00e7ar cap a la desnormalitzaci\u00f3 i la reducci\u00f3 de la visibilitat de la conducta de fumar.<\/p>\n<p>Durant la setmana que ve es realitzar\u00e0 un\u00a0nou control de nicotina ambiental a la sortida de l\u2019escola.<\/p>\n<p><img loading=\"lazy\" decoding=\"async\" class=\"aligncenter wp-image-18108 size-large\" src=\"https:\/\/agora.xtec.cat\/ceippladedalt\/wp-content\/uploads\/usu2126\/2022\/05\/Retols-escola-1024x1024.jpg\" alt=\"\" width=\"1024\" height=\"1024\" srcset=\"https:\/\/agora.xtec.cat\/ceippladedalt\/wp-content\/uploads\/usu2126\/2022\/05\/Retols-escola-1024x1024.jpg 1024w, https:\/\/agora.xtec.cat\/ceippladedalt\/wp-content\/uploads\/usu2126\/2022\/05\/Retols-escola-300x300.jpg 300w, https:\/\/agora.xtec.cat\/ceippladedalt\/wp-content\/uploads\/usu2126\/2022\/05\/Retols-escola-150x150.jpg 150w, https:\/\/agora.xtec.cat\/ceippladedalt\/wp-content\/uploads\/usu2126\/2022\/05\/Retols-escola-768x768.jpg 768w, https:\/\/agora.xtec.cat\/ceippladedalt\/wp-content\/uploads\/usu2126\/2022\/05\/Retols-escola-1536x1536.jpg 1536w, https:\/\/agora.xtec.cat\/ceippladedalt\/wp-content\/uploads\/usu2126\/2022\/05\/Retols-escola.jpg 1732w\" sizes=\"auto, (max-width: 1024px) 100vw, 1024px\" \/><\/p>\n","protected":false},"excerpt":{"rendered":"<p>Benvolgudes fam\u00edlies,<br \/>\nCom haureu vist ja s\u2019han instal\u00b7lat els\u00a0cartells d\u2019entorn sense fum\u00a0a les sortides de l\u2019escola.<br \/>\nEls principals objectius del programa \u201centorn sense fum\u201d a Olot s\u00f3n:<\/p>\n<ul>\n<li>Prevenir i retardar l\u2019inici del consum de tabac en la poblaci\u00f3 infantil i jove<\/li>\n<li>Disminuir i evitar l\u2019exposici\u00f3 d\u2019infants i joves al&hellip;  <a href=\"https:\/\/agora.xtec.cat\/ceippladedalt\/portada\/entorn-sense-fum\/\" title=\"Read ENTORN SENSE FUM\">Llegeix m\u00e9s\u00bb<\/a><br \/>\n","protected":false},"author":1,"featured_media":18107,"comment_status":"closed","ping_status":"closed","sticky":false,"template":"","format":"standard","meta":{"_bbp_topic_count":0,"_bbp_reply_count":0,"_bbp_total_topic_count":0,"_bbp_total_reply_count":0,"_bbp_voice_count":0,"_bbp_anonymous_reply_count":0,"_bbp_topic_count_hidden":0,"_bbp_reply_count_hidden":0,"_bbp_forum_subforum_count":0,"footnotes":""},"categories":[4],"tags":[],"class_list":["post-18106","post","type-post","status-publish","format-standard","has-post-thumbnail","hentry","category-portada"],"post_mailing_queue_ids":[],"_links":{"self":[{"href":"https:\/\/agora.xtec.cat\/ceippladedalt\/wp-json\/wp\/v2\/posts\/18106","targetHints":{"allow":["GET"]}}],"collection":[{"href":"https:\/\/agora.xtec.cat\/ceippladedalt\/wp-json\/wp\/v2\/posts"}],"about":[{"href":"https:\/\/agora.xtec.cat\/ceippladedalt\/wp-json\/wp\/v2\/types\/post"}],"author":[{"embeddable":true,"href":"https:\/\/agora.xtec.cat\/ceippladedalt\/wp-json\/wp\/v2\/users\/1"}],"replies":[{"embeddable":true,"href":"https:\/\/agora.xtec.cat\/ceippladedalt\/wp-json\/wp\/v2\/comments?post=18106"}],"version-history":[{"count":1,"href":"https:\/\/agora.xtec.cat\/ceippladedalt\/wp-json\/wp\/v2\/posts\/18106\/revisions"}],"predecessor-version":[{"id":18109,"href":"https:\/\/agora.xtec.cat\/ceippladedalt\/wp-json\/wp\/v2\/posts\/18106\/revisions\/18109"}],"wp:featuredmedia":[{"embeddable":true,"href":"https:\/\/agora.xtec.cat\/ceippladedalt\/wp-json\/wp\/v2\/media\/18107"}],"wp:attachment":[{"href":"https:\/\/agora.xtec.cat\/ceippladedalt\/wp-json\/wp\/v2\/media?parent=18106"}],"wp:term":[{"taxonomy":"category","embeddable":true,"href":"https:\/\/agora.xtec.cat\/ceippladedalt\/wp-json\/wp\/v2\/categories?post=18106"},{"taxonomy":"post_tag","embeddable":true,"href":"https:\/\/agora.xtec.cat\/ceippladedalt\/wp-json\/wp\/v2\/tags?post=18106"}],"curies":[{"name":"wp","href":"https:\/\/api.w.org\/{rel}","templated":true}]}}