{"id":1803,"date":"2021-01-23T14:06:14","date_gmt":"2021-01-23T13:06:14","guid":{"rendered":"https:\/\/agora.xtec.cat\/ceippladedalt\/?p=1803"},"modified":"2021-02-03T18:08:50","modified_gmt":"2021-02-03T17:08:50","slug":"no-baixem-la-guardia","status":"publish","type":"post","link":"https:\/\/agora.xtec.cat\/ceippladedalt\/portada\/no-baixem-la-guardia\/","title":{"rendered":"NO BAIXEM LA GU\u00c0RDIA"},"content":{"rendered":"<p><span style=\"color: #000000; font-family: verdana, sans-serif;\">Benvolgudes fam\u00edlies,<\/span><\/p>\n<p><span style=\"color: #000000; font-family: verdana, sans-serif;\">Davant el moment delicat i preocupant de la pand\u00e8mia pel Covid-19 en el qual ens trobem, i veient la gravetat que est\u00e0 <\/span><span style=\"color: #000000; font-family: verdana, sans-serif;\">tornant a agafar a la Garrotxa, vo<\/span><span style=\"color: #000000; font-family: verdana, sans-serif; font-size: 1em;\">lem demanar a tots els membres de la comunitat educativa que no baixem la gu\u00e0rdia, que no ens relaxem i que continuem complint les normes de manera responsable com hem fet fins ara.<img loading=\"lazy\" decoding=\"async\" class=\" wp-image-1788 alignright\" src=\"https:\/\/agora.xtec.cat\/ceippladedalt\/wp-content\/uploads\/usu2126\/2021\/01\/CovidMascara-300x225.png\" alt=\"\" width=\"352\" height=\"264\" srcset=\"https:\/\/agora.xtec.cat\/ceippladedalt\/wp-content\/uploads\/usu2126\/2021\/01\/CovidMascara-300x225.png 300w, https:\/\/agora.xtec.cat\/ceippladedalt\/wp-content\/uploads\/usu2126\/2021\/01\/CovidMascara-200x150.png 200w, https:\/\/agora.xtec.cat\/ceippladedalt\/wp-content\/uploads\/usu2126\/2021\/01\/CovidMascara.png 400w\" sizes=\"auto, (max-width: 352px) 100vw, 352px\" \/><\/span><\/p>\n<p><span style=\"color: #000000; font-family: verdana, sans-serif;\">Mantenir la dist\u00e0ncia de seguretat a les entrades i sortides, fer \u00fas de la mascareta, evitar agrupacions de persones i traspassar aquests comportaments a la vida quotidiana ha de ser la nostra manera d&#8217;actuar.\u00a0<\/span><\/p>\n<p><span style=\"color: #000000; font-family: verdana, sans-serif;\">Estigueu tranquils, seguim les directrius dels Departaments d&#8217;Educaci\u00f3 i Salut. Ho hem estat fent durant el primer trimestre, continuem aix\u00ed, amb prud\u00e8ncia i prevenci\u00f3, respectant totes les mesures de seguretat i minimitzant al m\u00e0xim les possibles situacions de risc.<\/span><\/p>\n<p><span style=\"color: #000000; font-family: verdana, sans-serif;\">El Departament d&#8217;Educaci\u00f3 posa a disposici\u00f3 les &#8220;Dades sobre la covid-19 als centres educatius&#8221; que s&#8217;obtenen del buidatge de totes les escoles. Podeu consultar les dades actualitzades de la nostra escola en el seg\u00fcent <a href=\"http:\/\/educacio.gencat.cat\/ca\/actualitat\/escolasegura\/tracacovid\/dades-covid19-centres\/#\/17002314\">enlla\u00e7<\/a>.<\/span><\/p>\n<p><span style=\"color: #000000; font-family: verdana, sans-serif;\">Per TOTS i TOTES! Junts segur que ho aconseguirem!<\/span><\/p>\n<p><span style=\"color: #000000; font-family: verdana, sans-serif;\">Gr\u00e0cies!<\/span><\/p>\n<p style=\"text-align: left;\"><span style=\"color: #0b5394; font-family: verdana, sans-serif;\"><b>Escola Pla de Dalt<\/b><\/span><\/p>\n","protected":false},"excerpt":{"rendered":"<p>Benvolgudes fam\u00edlies,<br \/>\nDavant el moment delicat i preocupant de la pand\u00e8mia pel Covid-19 en el qual ens trobem, i veient la gravetat que est\u00e0 tornant a agafar a la Garrotxa, volem demanar a tots els membres de la comunitat educativa que no baixem la gu\u00e0rdia, que&hellip;  <a href=\"https:\/\/agora.xtec.cat\/ceippladedalt\/portada\/no-baixem-la-guardia\/\" title=\"Read NO BAIXEM LA GU\u00c0RDIA\">Llegeix m\u00e9s\u00bb<\/a><\/p>\n","protected":false},"author":1,"featured_media":1788,"comment_status":"open","ping_status":"closed","sticky":false,"template":"","format":"standard","meta":{"_bbp_topic_count":0,"_bbp_reply_count":0,"_bbp_total_topic_count":0,"_bbp_total_reply_count":0,"_bbp_voice_count":0,"_bbp_anonymous_reply_count":0,"_bbp_topic_count_hidden":0,"_bbp_reply_count_hidden":0,"_bbp_forum_subforum_count":0,"footnotes":""},"categories":[4],"tags":[],"class_list":["post-1803","post","type-post","status-publish","format-standard","has-post-thumbnail","hentry","category-portada"],"post_mailing_queue_ids":[],"_links":{"self":[{"href":"https:\/\/agora.xtec.cat\/ceippladedalt\/wp-json\/wp\/v2\/posts\/1803","targetHints":{"allow":["GET"]}}],"collection":[{"href":"https:\/\/agora.xtec.cat\/ceippladedalt\/wp-json\/wp\/v2\/posts"}],"about":[{"href":"https:\/\/agora.xtec.cat\/ceippladedalt\/wp-json\/wp\/v2\/types\/post"}],"author":[{"embeddable":true,"href":"https:\/\/agora.xtec.cat\/ceippladedalt\/wp-json\/wp\/v2\/users\/1"}],"replies":[{"embeddable":true,"href":"https:\/\/agora.xtec.cat\/ceippladedalt\/wp-json\/wp\/v2\/comments?post=1803"}],"version-history":[{"count":2,"href":"https:\/\/agora.xtec.cat\/ceippladedalt\/wp-json\/wp\/v2\/posts\/1803\/revisions"}],"predecessor-version":[{"id":1806,"href":"https:\/\/agora.xtec.cat\/ceippladedalt\/wp-json\/wp\/v2\/posts\/1803\/revisions\/1806"}],"wp:featuredmedia":[{"embeddable":true,"href":"https:\/\/agora.xtec.cat\/ceippladedalt\/wp-json\/wp\/v2\/media\/1788"}],"wp:attachment":[{"href":"https:\/\/agora.xtec.cat\/ceippladedalt\/wp-json\/wp\/v2\/media?parent=1803"}],"wp:term":[{"taxonomy":"category","embeddable":true,"href":"https:\/\/agora.xtec.cat\/ceippladedalt\/wp-json\/wp\/v2\/categories?post=1803"},{"taxonomy":"post_tag","embeddable":true,"href":"https:\/\/agora.xtec.cat\/ceippladedalt\/wp-json\/wp\/v2\/tags?post=1803"}],"curies":[{"name":"wp","href":"https:\/\/api.w.org\/{rel}","templated":true}]}}