{"id":1792,"date":"2021-01-28T19:26:59","date_gmt":"2021-01-28T18:26:59","guid":{"rendered":"https:\/\/agora.xtec.cat\/ceippladedalt\/?p=1792"},"modified":"2021-01-28T19:35:27","modified_gmt":"2021-01-28T18:35:27","slug":"aillament-domiciliari","status":"publish","type":"post","link":"https:\/\/agora.xtec.cat\/ceippladedalt\/portada\/aillament-domiciliari\/","title":{"rendered":"A\u00cfLLAMENT DOMICILIARI"},"content":{"rendered":"<p>L&#8217;a\u00efllament domiciliari \u00e9s una mesura que consisteix a mantenir a\u00efllades les persones que estan afectades pel virus, o poden estar-ho, i d\u2019aquesta manera tallar la cadena de transmissi\u00f3. La UE i l\u2019OMS el recomanen com una de les mesures m\u00e9s efectives per reduir la transmissi\u00f3 del virus.<\/p>\n<ul>\n<li>No han de sortir de casa en cap cas (ni a comprar, ni a passejar la mascota, etc.).<\/li>\n<\/ul>\n<ul>\n<li>Han d&#8217;estar a\u00efllades en una habitaci\u00f3 separada de la resta de persones de la casa i fer servir un lavabo diferent. Si aix\u00f2 no fos possible, s&#8217;ha d&#8217;extremar el distanciament, especialment amb persones que es consideren grup de risc, com ara les\u00a0persones de m\u00e9s de 65 anys, persones amb malalties cr\u00f2niques, gestants i infants menors de 5 anys.<\/li>\n<li>Designar una \u00fanica persona com a cuidadora principal i totes les persones que estan en contacte amb la persona afectada han d\u2019extremar les mesures de precauci\u00f3.<\/li>\n<\/ul>\n<p>Podeu consultar els seg\u00fcents materials:<\/p>\n<p>1.- V\u00cdDEO<\/p>\n<p><iframe loading=\"lazy\" title=\"Medidas para el aislamiento domiciliario COVID-19\" width=\"500\" height=\"281\" src=\"https:\/\/www.youtube.com\/embed\/RHfic_GHc50?feature=oembed\" frameborder=\"0\" allow=\"accelerometer; autoplay; clipboard-write; encrypted-media; gyroscope; picture-in-picture; web-share\" referrerpolicy=\"strict-origin-when-cross-origin\" allowfullscreen><\/iframe><\/p>\n<p><strong><a href=\"https:\/\/canalsalut.gencat.cat\/web\/.content\/_A-Z\/C\/coronavirus-2019-ncov\/material-divulgatiu\/consells-aillament-domiciliari.pdf\">2.- A\u00efllament per a casos positius de COVID-19, pendents de resultats i contactes estrets<\/a>.<\/strong><\/p>\n<p><strong><a href=\"https:\/\/agora.xtec.cat\/ceippladedalt\/wp-content\/uploads\/usu2126\/2021\/01\/consells-aillament-domiciliari-infografia.pdf\">3.- INFOGRAFIA DELS CONSELLS PER FER L&#8217;A\u00cfLLAMENT DOMICILIARI<\/a><\/strong><\/p>\n<p><img loading=\"lazy\" decoding=\"async\" class=\"aligncenter wp-image-1794 size-large\" src=\"https:\/\/agora.xtec.cat\/ceippladedalt\/wp-content\/uploads\/usu2126\/2021\/01\/aillament-724x1024.jpg\" alt=\"\" width=\"724\" height=\"1024\" srcset=\"https:\/\/agora.xtec.cat\/ceippladedalt\/wp-content\/uploads\/usu2126\/2021\/01\/aillament-724x1024.jpg 724w, https:\/\/agora.xtec.cat\/ceippladedalt\/wp-content\/uploads\/usu2126\/2021\/01\/aillament-212x300.jpg 212w, https:\/\/agora.xtec.cat\/ceippladedalt\/wp-content\/uploads\/usu2126\/2021\/01\/aillament-768x1086.jpg 768w\" sizes=\"auto, (max-width: 724px) 100vw, 724px\" \/><\/p>\n","protected":false},"excerpt":{"rendered":"<p>L&#8217;a\u00efllament domiciliari \u00e9s una mesura que consisteix a mantenir a\u00efllades les persones que estan afectades pel virus, o poden estar-ho, i d\u2019aquesta manera tallar la cadena de transmissi\u00f3. La UE i l\u2019OMS el recomanen com una de les mesures m\u00e9s efectives per reduir la transmissi\u00f3&hellip;  <a href=\"https:\/\/agora.xtec.cat\/ceippladedalt\/portada\/aillament-domiciliari\/\" title=\"Read A\u00cfLLAMENT DOMICILIARI\">Llegeix m\u00e9s\u00bb<\/a><\/p>\n","protected":false},"author":1,"featured_media":1799,"comment_status":"open","ping_status":"closed","sticky":false,"template":"","format":"standard","meta":{"_bbp_topic_count":0,"_bbp_reply_count":0,"_bbp_total_topic_count":0,"_bbp_total_reply_count":0,"_bbp_voice_count":0,"_bbp_anonymous_reply_count":0,"_bbp_topic_count_hidden":0,"_bbp_reply_count_hidden":0,"_bbp_forum_subforum_count":0,"footnotes":""},"categories":[4],"tags":[],"class_list":["post-1792","post","type-post","status-publish","format-standard","has-post-thumbnail","hentry","category-portada"],"post_mailing_queue_ids":[],"_links":{"self":[{"href":"https:\/\/agora.xtec.cat\/ceippladedalt\/wp-json\/wp\/v2\/posts\/1792","targetHints":{"allow":["GET"]}}],"collection":[{"href":"https:\/\/agora.xtec.cat\/ceippladedalt\/wp-json\/wp\/v2\/posts"}],"about":[{"href":"https:\/\/agora.xtec.cat\/ceippladedalt\/wp-json\/wp\/v2\/types\/post"}],"author":[{"embeddable":true,"href":"https:\/\/agora.xtec.cat\/ceippladedalt\/wp-json\/wp\/v2\/users\/1"}],"replies":[{"embeddable":true,"href":"https:\/\/agora.xtec.cat\/ceippladedalt\/wp-json\/wp\/v2\/comments?post=1792"}],"version-history":[{"count":3,"href":"https:\/\/agora.xtec.cat\/ceippladedalt\/wp-json\/wp\/v2\/posts\/1792\/revisions"}],"predecessor-version":[{"id":1798,"href":"https:\/\/agora.xtec.cat\/ceippladedalt\/wp-json\/wp\/v2\/posts\/1792\/revisions\/1798"}],"wp:featuredmedia":[{"embeddable":true,"href":"https:\/\/agora.xtec.cat\/ceippladedalt\/wp-json\/wp\/v2\/media\/1799"}],"wp:attachment":[{"href":"https:\/\/agora.xtec.cat\/ceippladedalt\/wp-json\/wp\/v2\/media?parent=1792"}],"wp:term":[{"taxonomy":"category","embeddable":true,"href":"https:\/\/agora.xtec.cat\/ceippladedalt\/wp-json\/wp\/v2\/categories?post=1792"},{"taxonomy":"post_tag","embeddable":true,"href":"https:\/\/agora.xtec.cat\/ceippladedalt\/wp-json\/wp\/v2\/tags?post=1792"}],"curies":[{"name":"wp","href":"https:\/\/api.w.org\/{rel}","templated":true}]}}