{"id":1767,"date":"2021-01-17T16:11:36","date_gmt":"2021-01-17T15:11:36","guid":{"rendered":"https:\/\/agora.xtec.cat\/ceippladedalt\/?p=1767"},"modified":"2021-01-18T16:15:24","modified_gmt":"2021-01-18T15:15:24","slug":"molt-bona-iniciativa","status":"publish","type":"post","link":"https:\/\/agora.xtec.cat\/ceippladedalt\/portada\/molt-bona-iniciativa\/","title":{"rendered":"MOLT BONA INICIATIVA"},"content":{"rendered":"<p><strong>Els alumnes de 6\u00e8 de Prim\u00e0ria, del curs 2019\/2020 de l\u2019Escola Pla de Dalt, donen l\u2019import de l\u2019excursi\u00f3 de final de curs al Projecte del Centre de Distribuci\u00f3 d\u2019Aliments de la Garrotxa (CDA)<\/strong><\/p>\n<p><img loading=\"lazy\" decoding=\"async\" class=\"aligncenter wp-image-1768 size-full\" src=\"https:\/\/agora.xtec.cat\/ceippladedalt\/wp-content\/uploads\/usu2126\/2021\/01\/Alumnes-6\u00e8-Prim-Escola-Pla-de-Dalt-curs-2019-2020.jpg\" alt=\"\" width=\"700\" height=\"225\" srcset=\"https:\/\/agora.xtec.cat\/ceippladedalt\/wp-content\/uploads\/usu2126\/2021\/01\/Alumnes-6\u00e8-Prim-Escola-Pla-de-Dalt-curs-2019-2020.jpg 700w, https:\/\/agora.xtec.cat\/ceippladedalt\/wp-content\/uploads\/usu2126\/2021\/01\/Alumnes-6\u00e8-Prim-Escola-Pla-de-Dalt-curs-2019-2020-300x96.jpg 300w\" sizes=\"auto, (max-width: 700px) 100vw, 700px\" \/><\/p>\n<p>Els alumnes de 6\u00e8 de Prim\u00e0ria del curs passat de l\u2019Escola Pla de Dalt d\u2019Olot, juntament amb l\u2019AFA de l\u2019escola, havien organitzat al llarg del curs 2019\/2020, diverses activitats per recollir diners amb la finalitat de poder anar de col\u00f2nies per acomiadar el curs. Donat que la crisi sanit\u00e0ria va impedir que fessin la sortida programada, van acordar destinar una part dels diners a la compra de llibres per al nou institut i la resta -718,35\u20ac- al Projecte del Centre de Distribuci\u00f3 d\u2019Aliments de la Garrotxa (CDA). Un cop feta la donaci\u00f3, C\u00e0ritas ha agra\u00eft la seva generositat i els ha felicitat per la maduresa expressada amb aquesta decisi\u00f3 tan valenta i responsable.<\/p>\n","protected":false},"excerpt":{"rendered":"<p>Els alumnes de 6\u00e8 de Prim\u00e0ria, del curs 2019\/2020 de l\u2019Escola Pla de Dalt, donen l\u2019import de l\u2019excursi\u00f3 de final de curs al Projecte del Centre de Distribuci\u00f3 d\u2019Aliments de la Garrotxa (CDA)<\/p>\n<p>Els alumnes de 6\u00e8 de Prim\u00e0ria del curs passat de l\u2019Escola Pla de&hellip;  <a href=\"https:\/\/agora.xtec.cat\/ceippladedalt\/portada\/molt-bona-iniciativa\/\" title=\"Read MOLT BONA INICIATIVA\">Llegeix m\u00e9s\u00bb<\/a><\/p>\n","protected":false},"author":1,"featured_media":1768,"comment_status":"open","ping_status":"closed","sticky":false,"template":"","format":"standard","meta":{"_bbp_topic_count":0,"_bbp_reply_count":0,"_bbp_total_topic_count":0,"_bbp_total_reply_count":0,"_bbp_voice_count":0,"_bbp_anonymous_reply_count":0,"_bbp_topic_count_hidden":0,"_bbp_reply_count_hidden":0,"_bbp_forum_subforum_count":0,"footnotes":""},"categories":[4],"tags":[],"class_list":["post-1767","post","type-post","status-publish","format-standard","has-post-thumbnail","hentry","category-portada"],"post_mailing_queue_ids":[],"_links":{"self":[{"href":"https:\/\/agora.xtec.cat\/ceippladedalt\/wp-json\/wp\/v2\/posts\/1767","targetHints":{"allow":["GET"]}}],"collection":[{"href":"https:\/\/agora.xtec.cat\/ceippladedalt\/wp-json\/wp\/v2\/posts"}],"about":[{"href":"https:\/\/agora.xtec.cat\/ceippladedalt\/wp-json\/wp\/v2\/types\/post"}],"author":[{"embeddable":true,"href":"https:\/\/agora.xtec.cat\/ceippladedalt\/wp-json\/wp\/v2\/users\/1"}],"replies":[{"embeddable":true,"href":"https:\/\/agora.xtec.cat\/ceippladedalt\/wp-json\/wp\/v2\/comments?post=1767"}],"version-history":[{"count":1,"href":"https:\/\/agora.xtec.cat\/ceippladedalt\/wp-json\/wp\/v2\/posts\/1767\/revisions"}],"predecessor-version":[{"id":1769,"href":"https:\/\/agora.xtec.cat\/ceippladedalt\/wp-json\/wp\/v2\/posts\/1767\/revisions\/1769"}],"wp:featuredmedia":[{"embeddable":true,"href":"https:\/\/agora.xtec.cat\/ceippladedalt\/wp-json\/wp\/v2\/media\/1768"}],"wp:attachment":[{"href":"https:\/\/agora.xtec.cat\/ceippladedalt\/wp-json\/wp\/v2\/media?parent=1767"}],"wp:term":[{"taxonomy":"category","embeddable":true,"href":"https:\/\/agora.xtec.cat\/ceippladedalt\/wp-json\/wp\/v2\/categories?post=1767"},{"taxonomy":"post_tag","embeddable":true,"href":"https:\/\/agora.xtec.cat\/ceippladedalt\/wp-json\/wp\/v2\/tags?post=1767"}],"curies":[{"name":"wp","href":"https:\/\/api.w.org\/{rel}","templated":true}]}}