{"id":1567,"date":"2020-11-12T16:22:45","date_gmt":"2020-11-12T15:22:45","guid":{"rendered":"https:\/\/agora.xtec.cat\/ceippladedalt\/?p=1567"},"modified":"2020-11-12T16:22:45","modified_gmt":"2020-11-12T15:22:45","slug":"gran-recapte-2020","status":"publish","type":"post","link":"https:\/\/agora.xtec.cat\/ceippladedalt\/general\/gran-recapte-2020\/","title":{"rendered":"GRAN RECAPTE 2020"},"content":{"rendered":"<p>La Fundaci\u00f3 Banc dels Aliments organitza, un any m\u00e9s, el Gran Recapte 2020 d&#8217;Aliments en el qual tamb\u00e9 participa el Consorci d\u2019Acci\u00f3 Social de la Garrotxa, C\u00e0ritas Garrotxa i Creu Roja. Com b\u00e9 sabeu, l\u2019objectiu de la campanya \u00e9s aconseguir recaptar aliments i productes b\u00e0sics des de qualsevol punt de Catalunya, informar i sensibilitzar la poblaci\u00f3 de la realitat al nostre pa\u00eds i de la import\u00e0ncia de la implicaci\u00f3 solid\u00e0ria de la ciutadania per ajudar a fer front a aquesta situaci\u00f3.<br \/>\nAquest any, el Gran Recapte d\u2019Aliments ha hagut d\u2019adaptar-se a la situaci\u00f3 sanit\u00e0ria actual. \u00c9s per aquest motiu que aquest 2020 no es far\u00e0 recollida d\u2019aliments de manera presencial sin\u00f3 que es far\u00e0 tot de manera virtual.<\/p>\n<p>La 12\u00aa edici\u00f3 del Gran Recapte d\u2019Aliments se celebrar\u00e0 a finals del mes de novembre del 2020. Les dates previstes son del 16 al 21 de novembre als establiments (dies m\u00e9s intensius el 20 i 21). I del 16 de novembre al 16 de desembre per al Gran Recapte on line.<\/p>\n<p style=\"text-align: center;\"><a href=\"https:\/\/agora.xtec.cat\/ceippladedalt\/wp-content\/uploads\/usu2126\/2020\/11\/Gran-recapte-2020.pdf\">Gran recapte 2020<\/a><\/p>\n<p><img loading=\"lazy\" decoding=\"async\" class=\"aligncenter wp-image-1571 size-full\" src=\"https:\/\/agora.xtec.cat\/ceippladedalt\/wp-content\/uploads\/usu2126\/2020\/11\/Foto-recapte-aliments.jpg\" alt=\"\" width=\"800\" height=\"600\" srcset=\"https:\/\/agora.xtec.cat\/ceippladedalt\/wp-content\/uploads\/usu2126\/2020\/11\/Foto-recapte-aliments.jpg 800w, https:\/\/agora.xtec.cat\/ceippladedalt\/wp-content\/uploads\/usu2126\/2020\/11\/Foto-recapte-aliments-300x225.jpg 300w, https:\/\/agora.xtec.cat\/ceippladedalt\/wp-content\/uploads\/usu2126\/2020\/11\/Foto-recapte-aliments-768x576.jpg 768w, https:\/\/agora.xtec.cat\/ceippladedalt\/wp-content\/uploads\/usu2126\/2020\/11\/Foto-recapte-aliments-200x150.jpg 200w\" sizes=\"auto, (max-width: 800px) 100vw, 800px\" \/><\/p>\n","protected":false},"excerpt":{"rendered":"<p>La Fundaci\u00f3 Banc dels Aliments organitza, un any m\u00e9s, el Gran Recapte 2020 d&#8217;Aliments en el qual tamb\u00e9 participa el Consorci d\u2019Acci\u00f3 Social de la Garrotxa, C\u00e0ritas Garrotxa i Creu Roja. Com b\u00e9 sabeu, l\u2019objectiu de la campanya \u00e9s aconseguir recaptar aliments i productes b\u00e0sics&hellip;  <a href=\"https:\/\/agora.xtec.cat\/ceippladedalt\/general\/gran-recapte-2020\/\" title=\"Read GRAN RECAPTE 2020\">Llegeix m\u00e9s\u00bb<\/a><\/p>\n","protected":false},"author":1,"featured_media":1571,"comment_status":"open","ping_status":"closed","sticky":false,"template":"","format":"standard","meta":{"_bbp_topic_count":0,"_bbp_reply_count":0,"_bbp_total_topic_count":0,"_bbp_total_reply_count":0,"_bbp_voice_count":0,"_bbp_anonymous_reply_count":0,"_bbp_topic_count_hidden":0,"_bbp_reply_count_hidden":0,"_bbp_forum_subforum_count":0,"footnotes":""},"categories":[1,4],"tags":[],"class_list":["post-1567","post","type-post","status-publish","format-standard","has-post-thumbnail","hentry","category-general","category-portada"],"post_mailing_queue_ids":[],"_links":{"self":[{"href":"https:\/\/agora.xtec.cat\/ceippladedalt\/wp-json\/wp\/v2\/posts\/1567","targetHints":{"allow":["GET"]}}],"collection":[{"href":"https:\/\/agora.xtec.cat\/ceippladedalt\/wp-json\/wp\/v2\/posts"}],"about":[{"href":"https:\/\/agora.xtec.cat\/ceippladedalt\/wp-json\/wp\/v2\/types\/post"}],"author":[{"embeddable":true,"href":"https:\/\/agora.xtec.cat\/ceippladedalt\/wp-json\/wp\/v2\/users\/1"}],"replies":[{"embeddable":true,"href":"https:\/\/agora.xtec.cat\/ceippladedalt\/wp-json\/wp\/v2\/comments?post=1567"}],"version-history":[{"count":2,"href":"https:\/\/agora.xtec.cat\/ceippladedalt\/wp-json\/wp\/v2\/posts\/1567\/revisions"}],"predecessor-version":[{"id":1572,"href":"https:\/\/agora.xtec.cat\/ceippladedalt\/wp-json\/wp\/v2\/posts\/1567\/revisions\/1572"}],"wp:featuredmedia":[{"embeddable":true,"href":"https:\/\/agora.xtec.cat\/ceippladedalt\/wp-json\/wp\/v2\/media\/1571"}],"wp:attachment":[{"href":"https:\/\/agora.xtec.cat\/ceippladedalt\/wp-json\/wp\/v2\/media?parent=1567"}],"wp:term":[{"taxonomy":"category","embeddable":true,"href":"https:\/\/agora.xtec.cat\/ceippladedalt\/wp-json\/wp\/v2\/categories?post=1567"},{"taxonomy":"post_tag","embeddable":true,"href":"https:\/\/agora.xtec.cat\/ceippladedalt\/wp-json\/wp\/v2\/tags?post=1567"}],"curies":[{"name":"wp","href":"https:\/\/api.w.org\/{rel}","templated":true}]}}