{"id":1552,"date":"2020-11-12T13:03:24","date_gmt":"2020-11-12T12:03:24","guid":{"rendered":"https:\/\/agora.xtec.cat\/ceippladedalt\/?p=1552"},"modified":"2020-11-12T13:16:55","modified_gmt":"2020-11-12T12:16:55","slug":"consells-per-a-una-quarantena-segura","status":"publish","type":"post","link":"https:\/\/agora.xtec.cat\/ceippladedalt\/general\/consells-per-a-una-quarantena-segura\/","title":{"rendered":"COM FER UNA QUARANTENA SEGURA!"},"content":{"rendered":"<p><img loading=\"lazy\" decoding=\"async\" class=\"alignnone wp-image-1458 size-full\" src=\"https:\/\/agora.xtec.cat\/ceippladedalt\/wp-content\/uploads\/usu2126\/2020\/10\/Quarantena-consells.jpg\" alt=\"\" width=\"977\" height=\"1280\" srcset=\"https:\/\/agora.xtec.cat\/ceippladedalt\/wp-content\/uploads\/usu2126\/2020\/10\/Quarantena-consells.jpg 977w, https:\/\/agora.xtec.cat\/ceippladedalt\/wp-content\/uploads\/usu2126\/2020\/10\/Quarantena-consells-229x300.jpg 229w, https:\/\/agora.xtec.cat\/ceippladedalt\/wp-content\/uploads\/usu2126\/2020\/10\/Quarantena-consells-768x1006.jpg 768w, https:\/\/agora.xtec.cat\/ceippladedalt\/wp-content\/uploads\/usu2126\/2020\/10\/Quarantena-consells-782x1024.jpg 782w\" sizes=\"auto, (max-width: 977px) 100vw, 977px\" \/><\/p>\n<p>L\u2019a\u00efllament domiciliari \u00e9s una mesura que consisteix a mantenir a\u00efllades les persones que puguin estar afectades pel virus a fi d\u2019evitar-ne la propagaci\u00f3. Seguiu aquests consells per fer un a\u00efllament domiciliari segur per a infants i adolescents:<\/p>\n<ul>\n<li>El dia que inicia l\u2019a\u00efllament, en sortir de l\u2019escola, l\u2019infant ha d\u2019anar directament al seu\u00a0<strong>domicili<\/strong>. No pot assistir a activitats extraescolars ni anar a casa d\u2019altres familiars.<\/li>\n<li>No pot\u00a0<strong>sortir\u00a0<\/strong>del domicili ni rebre\u00a0<strong>visites\u00a0<\/strong>de persones que no siguin convivents.<\/li>\n<li>Ha\u00a0<strong>d\u2019evitar el contacte<\/strong>\u00a0amb persones que siguin vulnerables.<\/li>\n<li>Ha de posar-se la\u00a0<strong>mascareta<\/strong>, especialment si t\u00e9<strong>\u00a06 anys o m\u00e9s,<\/strong>\u00a0quan surti de l\u2019habitaci\u00f3 i en cas de contacte f\u00edsic proper. L\u2019han de dur tant l\u2019infant com les persones convivents.<\/li>\n<li>S\u2019ha de\u00a0<strong>rentar\u00a0<\/strong>sovint les mans, especialment abans i despr\u00e9s de sortir de\u00a0<strong>l\u2019habitaci\u00f3<\/strong>. Les persones convivents tamb\u00e9 ho han de fer.<\/li>\n<li>Si fa els\u00a0<strong>\u00e0pats\u00a0<\/strong>amb la resta de la fam\u00edlia, cal garantir que els\u00a0<strong>estris\u00a0<\/strong>siguin d\u2019\u00fas exclusiu, mantenir la dist\u00e0ncia de seguretat i despr\u00e9s ventilar b\u00e9 l\u2019estan\u00e7a.<\/li>\n<li>No ha de compartir\u00a0<strong>joguines<\/strong>. Cal netejar-les i desinfectar-les de forma adequada.<\/li>\n<li>S\u2019han de\u00a0<strong>netejar i desinfectar<\/strong>\u00a0sovint les superf\u00edcies de contacte m\u00e9s freq\u00fcent (poms de les portes, taules, cadires, etc.).<\/li>\n<li>La\u00a0<strong>roba\u00a0<\/strong>s\u2019ha de rentar di\u00e0riament.<\/li>\n<li>Vigileu els\u00a0<strong>s\u00edmptomes\u00a0<\/strong>i, si n\u2019apareixen, contacteu amb el vostre\u00a0<strong>CAP<\/strong>.<\/li>\n<\/ul>\n","protected":false},"excerpt":{"rendered":"<p>L\u2019a\u00efllament domiciliari \u00e9s una mesura que consisteix a mantenir a\u00efllades les persones que puguin estar afectades pel virus a fi d\u2019evitar-ne la propagaci\u00f3. Seguiu aquests consells per fer un a\u00efllament domiciliari segur per a infants i adolescents:<\/p>\n<ul>\n<li>El dia que inicia l\u2019a\u00efllament, en sortir de l\u2019escola,&hellip;  <a href=\"https:\/\/agora.xtec.cat\/ceippladedalt\/general\/consells-per-a-una-quarantena-segura\/\" title=\"Read COM FER UNA QUARANTENA SEGURA!\">Llegeix m\u00e9s\u00bb<\/a><br \/>\n","protected":false},"author":1,"featured_media":1554,"comment_status":"open","ping_status":"closed","sticky":false,"template":"","format":"standard","meta":{"_bbp_topic_count":0,"_bbp_reply_count":0,"_bbp_total_topic_count":0,"_bbp_total_reply_count":0,"_bbp_voice_count":0,"_bbp_anonymous_reply_count":0,"_bbp_topic_count_hidden":0,"_bbp_reply_count_hidden":0,"_bbp_forum_subforum_count":0,"footnotes":""},"categories":[1,4],"tags":[],"class_list":["post-1552","post","type-post","status-publish","format-standard","has-post-thumbnail","hentry","category-general","category-portada"],"post_mailing_queue_ids":[],"_links":{"self":[{"href":"https:\/\/agora.xtec.cat\/ceippladedalt\/wp-json\/wp\/v2\/posts\/1552","targetHints":{"allow":["GET"]}}],"collection":[{"href":"https:\/\/agora.xtec.cat\/ceippladedalt\/wp-json\/wp\/v2\/posts"}],"about":[{"href":"https:\/\/agora.xtec.cat\/ceippladedalt\/wp-json\/wp\/v2\/types\/post"}],"author":[{"embeddable":true,"href":"https:\/\/agora.xtec.cat\/ceippladedalt\/wp-json\/wp\/v2\/users\/1"}],"replies":[{"embeddable":true,"href":"https:\/\/agora.xtec.cat\/ceippladedalt\/wp-json\/wp\/v2\/comments?post=1552"}],"version-history":[{"count":3,"href":"https:\/\/agora.xtec.cat\/ceippladedalt\/wp-json\/wp\/v2\/posts\/1552\/revisions"}],"predecessor-version":[{"id":1556,"href":"https:\/\/agora.xtec.cat\/ceippladedalt\/wp-json\/wp\/v2\/posts\/1552\/revisions\/1556"}],"wp:featuredmedia":[{"embeddable":true,"href":"https:\/\/agora.xtec.cat\/ceippladedalt\/wp-json\/wp\/v2\/media\/1554"}],"wp:attachment":[{"href":"https:\/\/agora.xtec.cat\/ceippladedalt\/wp-json\/wp\/v2\/media?parent=1552"}],"wp:term":[{"taxonomy":"category","embeddable":true,"href":"https:\/\/agora.xtec.cat\/ceippladedalt\/wp-json\/wp\/v2\/categories?post=1552"},{"taxonomy":"post_tag","embeddable":true,"href":"https:\/\/agora.xtec.cat\/ceippladedalt\/wp-json\/wp\/v2\/tags?post=1552"}],"curies":[{"name":"wp","href":"https:\/\/api.w.org\/{rel}","templated":true}]}}