{"id":1550,"date":"2020-11-12T12:53:45","date_gmt":"2020-11-12T11:53:45","guid":{"rendered":"https:\/\/agora.xtec.cat\/ceippladedalt\/?p=1550"},"modified":"2020-11-12T13:20:41","modified_gmt":"2020-11-12T12:20:41","slug":"informacions-covid-19-certificat-autoresponsable","status":"publish","type":"post","link":"https:\/\/agora.xtec.cat\/ceippladedalt\/general\/informacions-covid-19-certificat-autoresponsable\/","title":{"rendered":"INFORMACIONS COVID-19. CERTIFICAT AUTORESPONSABLE."},"content":{"rendered":"<p style=\"text-align: center;\"><strong>INFORMACIONS COVID-19<img loading=\"lazy\" decoding=\"async\" class=\"alignright wp-image-1498 \" src=\"https:\/\/agora.xtec.cat\/ceippladedalt\/wp-content\/uploads\/usu2126\/2020\/11\/Certificat-150x150.png\" alt=\"\" width=\"137\" height=\"137\" \/><\/strong><\/p>\n<p style=\"text-align: center;\"><strong>D&#8217;acord amb les decisions adoptades pels \u00f2rgans de govern del pla d&#8217;actuaci\u00f3 PROCICAT per les quals s&#8217;adopten mesures de salut p\u00fablica per a la contenci\u00f3 del brot epid\u00e8mic de la pand\u00e8mia de COVID-19 al territori de Catalunya. <\/strong><\/p>\n<p style=\"text-align: center;\"><strong>El confinament de cap de setmana als municipis inclou tamb\u00e9 part del divendres i del dilluns. <\/strong><\/p>\n<p style=\"text-align: center;\"><strong>L\u2019horari \u00e9s des de les les 6 del mat\u00ed de divendres fins a les 6 del mat\u00ed de dilluns, amb l\u2019excepci\u00f3 de despla\u00e7aments justificats.<\/strong><\/p>\n<p style=\"text-align: center;\"><strong>L\u2019objectiu \u00e9s limitar al m\u00e0xim els despla\u00e7aments personals. Us deixem l&#8217;enlla\u00e7 per totes aquelles fam\u00edlies que venen fora d&#8217;Olot. S&#8217;ha de portar signat els divendres.\u00a0<\/strong><\/p>\n<p style=\"text-align: center;\"><a href=\"https:\/\/agora.xtec.cat\/ceippladedalt\/wp-content\/uploads\/usu2126\/2020\/11\/Certificat-autoresponsable-de-despla\u00e7ament-dentrada-i-sortida-del-terme-municipal.pdf\"><strong>Certificat autoresponsable de despla\u00e7ament d&#8217;entrada i sortida del terme municipal<\/strong><\/a><strong> (Per imprimir)<\/strong><\/p>\n<p style=\"text-align: center;\"><a href=\"https:\/\/certificatdes.confinapp.cat\/#\/\"><strong>CERTIFICAT AUTORESPONSABLE DE DESPLA\u00c7AMENT D&#8217;ENTRADA I SORTIDA DEL TERME MUNICIPAL PER LA COVID-19 (On-line)<\/strong><\/a><\/p>\n<p style=\"text-align: center;\"><strong>Moltes gr\u00e0cies!<\/strong><\/p>\n<p>&nbsp;<\/p>\n","protected":false},"excerpt":{"rendered":"<p>INFORMACIONS COVID-19<br \/>\nD&#8217;acord amb les decisions adoptades pels \u00f2rgans de govern del pla d&#8217;actuaci\u00f3 PROCICAT per les quals s&#8217;adopten mesures de salut p\u00fablica per a la contenci\u00f3 del brot epid\u00e8mic de la pand\u00e8mia de COVID-19 al territori de Catalunya.<br \/>\nEl confinament de cap de setmana als&hellip;  <a href=\"https:\/\/agora.xtec.cat\/ceippladedalt\/general\/informacions-covid-19-certificat-autoresponsable\/\" title=\"Read INFORMACIONS COVID-19. CERTIFICAT AUTORESPONSABLE.\">Llegeix m\u00e9s\u00bb<\/a><\/p>\n","protected":false},"author":1,"featured_media":1498,"comment_status":"open","ping_status":"closed","sticky":false,"template":"","format":"standard","meta":{"_bbp_topic_count":0,"_bbp_reply_count":0,"_bbp_total_topic_count":0,"_bbp_total_reply_count":0,"_bbp_voice_count":0,"_bbp_anonymous_reply_count":0,"_bbp_topic_count_hidden":0,"_bbp_reply_count_hidden":0,"_bbp_forum_subforum_count":0,"footnotes":""},"categories":[1,4],"tags":[],"class_list":["post-1550","post","type-post","status-publish","format-standard","has-post-thumbnail","hentry","category-general","category-portada"],"post_mailing_queue_ids":[],"_links":{"self":[{"href":"https:\/\/agora.xtec.cat\/ceippladedalt\/wp-json\/wp\/v2\/posts\/1550","targetHints":{"allow":["GET"]}}],"collection":[{"href":"https:\/\/agora.xtec.cat\/ceippladedalt\/wp-json\/wp\/v2\/posts"}],"about":[{"href":"https:\/\/agora.xtec.cat\/ceippladedalt\/wp-json\/wp\/v2\/types\/post"}],"author":[{"embeddable":true,"href":"https:\/\/agora.xtec.cat\/ceippladedalt\/wp-json\/wp\/v2\/users\/1"}],"replies":[{"embeddable":true,"href":"https:\/\/agora.xtec.cat\/ceippladedalt\/wp-json\/wp\/v2\/comments?post=1550"}],"version-history":[{"count":1,"href":"https:\/\/agora.xtec.cat\/ceippladedalt\/wp-json\/wp\/v2\/posts\/1550\/revisions"}],"predecessor-version":[{"id":1551,"href":"https:\/\/agora.xtec.cat\/ceippladedalt\/wp-json\/wp\/v2\/posts\/1550\/revisions\/1551"}],"wp:featuredmedia":[{"embeddable":true,"href":"https:\/\/agora.xtec.cat\/ceippladedalt\/wp-json\/wp\/v2\/media\/1498"}],"wp:attachment":[{"href":"https:\/\/agora.xtec.cat\/ceippladedalt\/wp-json\/wp\/v2\/media?parent=1550"}],"wp:term":[{"taxonomy":"category","embeddable":true,"href":"https:\/\/agora.xtec.cat\/ceippladedalt\/wp-json\/wp\/v2\/categories?post=1550"},{"taxonomy":"post_tag","embeddable":true,"href":"https:\/\/agora.xtec.cat\/ceippladedalt\/wp-json\/wp\/v2\/tags?post=1550"}],"curies":[{"name":"wp","href":"https:\/\/api.w.org\/{rel}","templated":true}]}}