{"id":1532,"date":"2020-11-11T11:57:08","date_gmt":"2020-11-11T10:57:08","guid":{"rendered":"https:\/\/agora.xtec.cat\/ceippladedalt\/?p=1532"},"modified":"2020-11-25T09:58:29","modified_gmt":"2020-11-25T08:58:29","slug":"lluernia-els-fars-de-la-bauhaus","status":"publish","type":"post","link":"https:\/\/agora.xtec.cat\/ceippladedalt\/general\/lluernia-els-fars-de-la-bauhaus\/","title":{"rendered":"LLU\u00c8RNIA &#8211; ELS FARS DE LA BAUHAUS"},"content":{"rendered":"<p>A partir d&#8217;avui dimecres 11 de novembre fins el 27 de novembre, exposarem els murals dels artistes de la Bauhaus que hem preparat a l&#8217;escola.<\/p>\n<p>Els il\u00b7luminarem cada nit entre les 6 i les 9 del vespre, llevat dels diumenges.<\/p>\n<p>&#8221; Fa cent anys Europa vivia una de les \u00e8poques m\u00e9s convulses de la seva hist\u00f2ria, la inestabilitat econ\u00f2mica, pol\u00edtica i social va comportar tamb\u00e9 l\u2019aparici\u00f3 d\u2019experi\u00e8ncies innovadores en tots els camps, especialment en filosofia, economia, arquitectura i l\u2019art i la cultura. A Weimar, a Alemanya, es va fundar la <a href=\"http:\/\/lab.cccb.org\/ca\/llicons-de-la-bauhaus-per-al-segle-xxi\/\" target=\"_blank\" rel=\"noopener noreferrer\">La Bauhaus,<\/a>\u00a0una escola d\u2019art que promovia la creativitat, el pensament lliure i l\u2019art aplicat al seu entorn que, en nom\u00e9s 14 anys d\u2019exist\u00e8ncia, va significar una aut\u00e8ntica revoluci\u00f3 en el disseny i l\u2019arquitectura que avui encara \u00e9s ben vigent.<\/p>\n<p>En els moments estranys que vivim, tamb\u00e9 incerts i convulsos, ens han proposat fer un homenatge als professors de la Bauhaus, dones i homes, aut\u00e8ntics visionaris, somiadors i ut\u00f2pics, que van obrir la porta a la pedagogia de la creaci\u00f3 lliure i l\u2019art aplicat.<\/p>\n<p>Hi participen molts centres d&#8217;Olot i us animem a visitar-los!!<\/p>\n<p>Desitgem que us agradin.<\/p>\n<p><img loading=\"lazy\" decoding=\"async\" class=\"wp-image-1527  alignleft\" src=\"https:\/\/agora.xtec.cat\/ceippladedalt\/wp-content\/uploads\/usu2126\/2020\/11\/BB6ABFE2-7E99-4AD1-A480-BBC152E6913A-300x225.jpeg\" alt=\"\" width=\"384\" height=\"288\" srcset=\"https:\/\/agora.xtec.cat\/ceippladedalt\/wp-content\/uploads\/usu2126\/2020\/11\/BB6ABFE2-7E99-4AD1-A480-BBC152E6913A-300x225.jpeg 300w, https:\/\/agora.xtec.cat\/ceippladedalt\/wp-content\/uploads\/usu2126\/2020\/11\/BB6ABFE2-7E99-4AD1-A480-BBC152E6913A-768x576.jpeg 768w, https:\/\/agora.xtec.cat\/ceippladedalt\/wp-content\/uploads\/usu2126\/2020\/11\/BB6ABFE2-7E99-4AD1-A480-BBC152E6913A-1024x768.jpeg 1024w, https:\/\/agora.xtec.cat\/ceippladedalt\/wp-content\/uploads\/usu2126\/2020\/11\/BB6ABFE2-7E99-4AD1-A480-BBC152E6913A-200x150.jpeg 200w, https:\/\/agora.xtec.cat\/ceippladedalt\/wp-content\/uploads\/usu2126\/2020\/11\/BB6ABFE2-7E99-4AD1-A480-BBC152E6913A.jpeg 1280w\" sizes=\"auto, (max-width: 384px) 100vw, 384px\" \/> <img loading=\"lazy\" decoding=\"async\" class=\"wp-image-1526 alignleft\" src=\"https:\/\/agora.xtec.cat\/ceippladedalt\/wp-content\/uploads\/usu2126\/2020\/11\/88D37BA0-59DA-4E0F-87F5-5F04F000E41F-300x225.jpeg\" alt=\"\" width=\"385\" height=\"289\" srcset=\"https:\/\/agora.xtec.cat\/ceippladedalt\/wp-content\/uploads\/usu2126\/2020\/11\/88D37BA0-59DA-4E0F-87F5-5F04F000E41F-300x225.jpeg 300w, https:\/\/agora.xtec.cat\/ceippladedalt\/wp-content\/uploads\/usu2126\/2020\/11\/88D37BA0-59DA-4E0F-87F5-5F04F000E41F-768x576.jpeg 768w, https:\/\/agora.xtec.cat\/ceippladedalt\/wp-content\/uploads\/usu2126\/2020\/11\/88D37BA0-59DA-4E0F-87F5-5F04F000E41F-1024x768.jpeg 1024w, https:\/\/agora.xtec.cat\/ceippladedalt\/wp-content\/uploads\/usu2126\/2020\/11\/88D37BA0-59DA-4E0F-87F5-5F04F000E41F-200x150.jpeg 200w, https:\/\/agora.xtec.cat\/ceippladedalt\/wp-content\/uploads\/usu2126\/2020\/11\/88D37BA0-59DA-4E0F-87F5-5F04F000E41F.jpeg 1280w\" sizes=\"auto, (max-width: 385px) 100vw, 385px\" \/><\/p>\n","protected":false},"excerpt":{"rendered":"<p>A partir d&#8217;avui dimecres 11 de novembre fins el 27 de novembre, exposarem els murals dels artistes de la Bauhaus que hem preparat a l&#8217;escola.<br \/>\nEls il\u00b7luminarem cada nit entre les 6 i les 9 del vespre, llevat dels diumenges.<br \/>\n&#8221; Fa cent anys Europa vivia una&hellip;  <a href=\"https:\/\/agora.xtec.cat\/ceippladedalt\/general\/lluernia-els-fars-de-la-bauhaus\/\" title=\"Read LLU\u00c8RNIA &#8211; ELS FARS DE LA BAUHAUS\">Llegeix m\u00e9s\u00bb<\/a><\/p>\n","protected":false},"author":1,"featured_media":1525,"comment_status":"open","ping_status":"closed","sticky":false,"template":"","format":"standard","meta":{"_bbp_topic_count":0,"_bbp_reply_count":0,"_bbp_total_topic_count":0,"_bbp_total_reply_count":0,"_bbp_voice_count":0,"_bbp_anonymous_reply_count":0,"_bbp_topic_count_hidden":0,"_bbp_reply_count_hidden":0,"_bbp_forum_subforum_count":0,"footnotes":""},"categories":[7,5,1,4],"tags":[],"class_list":["post-1532","post","type-post","status-publish","format-standard","has-post-thumbnail","hentry","category-afa","category-cursos","category-general","category-portada"],"post_mailing_queue_ids":[],"_links":{"self":[{"href":"https:\/\/agora.xtec.cat\/ceippladedalt\/wp-json\/wp\/v2\/posts\/1532","targetHints":{"allow":["GET"]}}],"collection":[{"href":"https:\/\/agora.xtec.cat\/ceippladedalt\/wp-json\/wp\/v2\/posts"}],"about":[{"href":"https:\/\/agora.xtec.cat\/ceippladedalt\/wp-json\/wp\/v2\/types\/post"}],"author":[{"embeddable":true,"href":"https:\/\/agora.xtec.cat\/ceippladedalt\/wp-json\/wp\/v2\/users\/1"}],"replies":[{"embeddable":true,"href":"https:\/\/agora.xtec.cat\/ceippladedalt\/wp-json\/wp\/v2\/comments?post=1532"}],"version-history":[{"count":2,"href":"https:\/\/agora.xtec.cat\/ceippladedalt\/wp-json\/wp\/v2\/posts\/1532\/revisions"}],"predecessor-version":[{"id":1618,"href":"https:\/\/agora.xtec.cat\/ceippladedalt\/wp-json\/wp\/v2\/posts\/1532\/revisions\/1618"}],"wp:featuredmedia":[{"embeddable":true,"href":"https:\/\/agora.xtec.cat\/ceippladedalt\/wp-json\/wp\/v2\/media\/1525"}],"wp:attachment":[{"href":"https:\/\/agora.xtec.cat\/ceippladedalt\/wp-json\/wp\/v2\/media?parent=1532"}],"wp:term":[{"taxonomy":"category","embeddable":true,"href":"https:\/\/agora.xtec.cat\/ceippladedalt\/wp-json\/wp\/v2\/categories?post=1532"},{"taxonomy":"post_tag","embeddable":true,"href":"https:\/\/agora.xtec.cat\/ceippladedalt\/wp-json\/wp\/v2\/tags?post=1532"}],"curies":[{"name":"wp","href":"https:\/\/api.w.org\/{rel}","templated":true}]}}