{"id":1361,"date":"2020-10-01T13:03:46","date_gmt":"2020-10-01T11:03:46","guid":{"rendered":"https:\/\/agora.xtec.cat\/ceippladedalt\/?p=1361"},"modified":"2020-10-01T13:04:16","modified_gmt":"2020-10-01T11:04:16","slug":"com-es-fan-les-pcrs-a-les-escoles","status":"publish","type":"post","link":"https:\/\/agora.xtec.cat\/ceippladedalt\/portada\/com-es-fan-les-pcrs-a-les-escoles\/","title":{"rendered":"COM ES FAN LES PCRs A LES ESCOLES?"},"content":{"rendered":"<p style=\"text-align: center;\">Una infermera pedi\u00e0trica del CAP Adri\u00e0 de Barcelona explica als menors com aniran vestits els sanitaris que els practicaran les proves i tamb\u00e9 en qu\u00e8 consisteix. Per esvair pors, mostren com agafen les mostres fent un frotis nasal amb un escovill\u00f3 a dos nens. L&#8217;escovill\u00f3 no entra m\u00e9s de dos cent\u00edmetres al forat del nas i nom\u00e9s s&#8217;ha d&#8217;aguantar uns segons a dins.<\/p>\n<p style=\"text-align: center;\">El Departament de Salut ha publicat aquest <a href=\"https:\/\/drive.google.com\/file\/d\/1dxz1c3Rfk5J3LbFovp-cUHkk9cDJlQh_\/view?usp=sharing\">v\u00eddeo<\/a> a xarxes socials per <strong>explicar, de manera f\u00e0cil i gr\u00e0fica, com es fa aquesta prova<\/strong>.<\/p>\n<p>&nbsp;<\/p>\n","protected":false},"excerpt":{"rendered":"<p>Una infermera pedi\u00e0trica del CAP Adri\u00e0 de Barcelona explica als menors com aniran vestits els sanitaris que els practicaran les proves i tamb\u00e9 en qu\u00e8 consisteix. Per esvair pors, mostren com agafen les mostres fent un frotis nasal amb un escovill\u00f3 a dos nens. L&#8217;escovill\u00f3&hellip;  <a href=\"https:\/\/agora.xtec.cat\/ceippladedalt\/portada\/com-es-fan-les-pcrs-a-les-escoles\/\" title=\"Read COM ES FAN LES PCRs A LES ESCOLES?\">Llegeix m\u00e9s\u00bb<\/a><\/p>\n","protected":false},"author":1,"featured_media":1362,"comment_status":"open","ping_status":"closed","sticky":false,"template":"","format":"standard","meta":{"_bbp_topic_count":0,"_bbp_reply_count":0,"_bbp_total_topic_count":0,"_bbp_total_reply_count":0,"_bbp_voice_count":0,"_bbp_anonymous_reply_count":0,"_bbp_topic_count_hidden":0,"_bbp_reply_count_hidden":0,"_bbp_forum_subforum_count":0,"footnotes":""},"categories":[4],"tags":[],"class_list":["post-1361","post","type-post","status-publish","format-standard","has-post-thumbnail","hentry","category-portada"],"post_mailing_queue_ids":[],"_links":{"self":[{"href":"https:\/\/agora.xtec.cat\/ceippladedalt\/wp-json\/wp\/v2\/posts\/1361","targetHints":{"allow":["GET"]}}],"collection":[{"href":"https:\/\/agora.xtec.cat\/ceippladedalt\/wp-json\/wp\/v2\/posts"}],"about":[{"href":"https:\/\/agora.xtec.cat\/ceippladedalt\/wp-json\/wp\/v2\/types\/post"}],"author":[{"embeddable":true,"href":"https:\/\/agora.xtec.cat\/ceippladedalt\/wp-json\/wp\/v2\/users\/1"}],"replies":[{"embeddable":true,"href":"https:\/\/agora.xtec.cat\/ceippladedalt\/wp-json\/wp\/v2\/comments?post=1361"}],"version-history":[{"count":1,"href":"https:\/\/agora.xtec.cat\/ceippladedalt\/wp-json\/wp\/v2\/posts\/1361\/revisions"}],"predecessor-version":[{"id":1363,"href":"https:\/\/agora.xtec.cat\/ceippladedalt\/wp-json\/wp\/v2\/posts\/1361\/revisions\/1363"}],"wp:featuredmedia":[{"embeddable":true,"href":"https:\/\/agora.xtec.cat\/ceippladedalt\/wp-json\/wp\/v2\/media\/1362"}],"wp:attachment":[{"href":"https:\/\/agora.xtec.cat\/ceippladedalt\/wp-json\/wp\/v2\/media?parent=1361"}],"wp:term":[{"taxonomy":"category","embeddable":true,"href":"https:\/\/agora.xtec.cat\/ceippladedalt\/wp-json\/wp\/v2\/categories?post=1361"},{"taxonomy":"post_tag","embeddable":true,"href":"https:\/\/agora.xtec.cat\/ceippladedalt\/wp-json\/wp\/v2\/tags?post=1361"}],"curies":[{"name":"wp","href":"https:\/\/api.w.org\/{rel}","templated":true}]}}