{"id":1352,"date":"2020-10-01T12:35:14","date_gmt":"2020-10-01T10:35:14","guid":{"rendered":"https:\/\/agora.xtec.cat\/ceippladedalt\/?p=1352"},"modified":"2020-10-01T12:52:52","modified_gmt":"2020-10-01T10:52:52","slug":"cinema-en-catala","status":"publish","type":"post","link":"https:\/\/agora.xtec.cat\/ceippladedalt\/portada\/cinema-en-catala\/","title":{"rendered":"CINEMA EN CATAL\u00c0"},"content":{"rendered":"<p style=\"text-align: center;\"><strong>El CINC \u00e9s una iniciativa de la Direcci\u00f3 General de Pol\u00edtica Ling\u00fc\u00edstica del Departament de Cultura per fer cr\u00e9ixer l&#8217;oferta i el consum de cinema infantil en catal\u00e0, amb la col\u00b7laboraci\u00f3 del Consorci per a la Normalitzaci\u00f3 Ling\u00fc\u00edstica i de diversos ajuntaments, institucions, entitats i cinemes<\/strong><\/p>\n<p style=\"text-align: center;\"><a href=\"https:\/\/drive.google.com\/file\/d\/1oSIDfHZuh-ZPmfPHLnRNv0kCXhZnyyZ1\/view?usp=sharing\"><img loading=\"lazy\" decoding=\"async\" class=\"alignnone size-medium wp-image-1359\" src=\"https:\/\/agora.xtec.cat\/ceippladedalt\/wp-content\/uploads\/usu2126\/2020\/10\/Cinc-oct-214x300.jpg\" alt=\"\" width=\"214\" height=\"300\" srcset=\"https:\/\/agora.xtec.cat\/ceippladedalt\/wp-content\/uploads\/usu2126\/2020\/10\/Cinc-oct-214x300.jpg 214w, https:\/\/agora.xtec.cat\/ceippladedalt\/wp-content\/uploads\/usu2126\/2020\/10\/Cinc-oct.jpg 425w\" sizes=\"auto, (max-width: 214px) 100vw, 214px\" \/><\/a><\/p>\n<p style=\"text-align: center;\"><a href=\"https:\/\/drive.google.com\/file\/d\/1oSIDfHZuh-ZPmfPHLnRNv0kCXhZnyyZ1\/view?usp=sharing\">CARTELLERA DE CINEMA<\/a><\/p>\n","protected":false},"excerpt":{"rendered":"<p>El CINC \u00e9s una iniciativa de la Direcci\u00f3 General de Pol\u00edtica Ling\u00fc\u00edstica del Departament de Cultura per fer cr\u00e9ixer l&#8217;oferta i el consum de cinema infantil en catal\u00e0, amb la col\u00b7laboraci\u00f3 del Consorci per a la Normalitzaci\u00f3 Ling\u00fc\u00edstica i de diversos ajuntaments, institucions, entitats i&hellip;  <a href=\"https:\/\/agora.xtec.cat\/ceippladedalt\/portada\/cinema-en-catala\/\" title=\"Read CINEMA EN CATAL\u00c0\">Llegeix m\u00e9s\u00bb<\/a><\/p>\n","protected":false},"author":1,"featured_media":1359,"comment_status":"open","ping_status":"closed","sticky":false,"template":"","format":"standard","meta":{"_bbp_topic_count":0,"_bbp_reply_count":0,"_bbp_total_topic_count":0,"_bbp_total_reply_count":0,"_bbp_voice_count":0,"_bbp_anonymous_reply_count":0,"_bbp_topic_count_hidden":0,"_bbp_reply_count_hidden":0,"_bbp_forum_subforum_count":0,"footnotes":""},"categories":[4],"tags":[],"class_list":["post-1352","post","type-post","status-publish","format-standard","has-post-thumbnail","hentry","category-portada"],"post_mailing_queue_ids":[],"_links":{"self":[{"href":"https:\/\/agora.xtec.cat\/ceippladedalt\/wp-json\/wp\/v2\/posts\/1352","targetHints":{"allow":["GET"]}}],"collection":[{"href":"https:\/\/agora.xtec.cat\/ceippladedalt\/wp-json\/wp\/v2\/posts"}],"about":[{"href":"https:\/\/agora.xtec.cat\/ceippladedalt\/wp-json\/wp\/v2\/types\/post"}],"author":[{"embeddable":true,"href":"https:\/\/agora.xtec.cat\/ceippladedalt\/wp-json\/wp\/v2\/users\/1"}],"replies":[{"embeddable":true,"href":"https:\/\/agora.xtec.cat\/ceippladedalt\/wp-json\/wp\/v2\/comments?post=1352"}],"version-history":[{"count":3,"href":"https:\/\/agora.xtec.cat\/ceippladedalt\/wp-json\/wp\/v2\/posts\/1352\/revisions"}],"predecessor-version":[{"id":1360,"href":"https:\/\/agora.xtec.cat\/ceippladedalt\/wp-json\/wp\/v2\/posts\/1352\/revisions\/1360"}],"wp:featuredmedia":[{"embeddable":true,"href":"https:\/\/agora.xtec.cat\/ceippladedalt\/wp-json\/wp\/v2\/media\/1359"}],"wp:attachment":[{"href":"https:\/\/agora.xtec.cat\/ceippladedalt\/wp-json\/wp\/v2\/media?parent=1352"}],"wp:term":[{"taxonomy":"category","embeddable":true,"href":"https:\/\/agora.xtec.cat\/ceippladedalt\/wp-json\/wp\/v2\/categories?post=1352"},{"taxonomy":"post_tag","embeddable":true,"href":"https:\/\/agora.xtec.cat\/ceippladedalt\/wp-json\/wp\/v2\/tags?post=1352"}],"curies":[{"name":"wp","href":"https:\/\/api.w.org\/{rel}","templated":true}]}}