{"id":14875,"date":"2020-05-27T23:02:58","date_gmt":"2020-05-27T21:02:58","guid":{"rendered":"http:\/\/agora.xtec.cat\/ceippereanton\/?p=14875"},"modified":"2020-05-27T23:02:58","modified_gmt":"2020-05-27T21:02:58","slug":"dijous-28-de-maig-piramide-feudal-de-ledat-mitjana","status":"publish","type":"post","link":"https:\/\/agora.xtec.cat\/ceippereanton\/primaria\/dijous-28-de-maig-piramide-feudal-de-ledat-mitjana\/","title":{"rendered":"Dijous, 28 de maig. Pir\u00e0mide feudal de l\u2019Edat Mitjana."},"content":{"rendered":"<p style=\"text-align: justify\">Quin personatge t\u2019agradaria ser a l\u2019Edat Mitjana?<\/p>\n<p>&nbsp;<\/p>\n<p style=\"text-align: justify\">La societat feudal era <strong>profundament desigual<\/strong>. Estava dividida en <strong>estaments\u00a0<\/strong>o ordres, uns grups socials tancats i sense a penes mobilitat social, als quals es pertanyien per naixement i per a tota la vida.<\/p>\n<p style=\"text-align: justify\">Els dos primers estaments eren els <strong>privilegiats:<\/strong><\/p>\n<ul>\n<li><strong>El rei,\u00a0<\/strong>qui tenia el poder absolut.<\/li>\n<li><strong>La noblesa i els\u00a0cavallers, <\/strong>que es dedicava a la defensa militar i a la guerra.<\/li>\n<li><strong>El clero, <\/strong>capelles, monges i monjos, dedicats a l\u2019oraci\u00f3 i a l\u2019Esgl\u00e9sia.<\/li>\n<\/ul>\n<p style=\"text-align: justify\"><span style=\"font-family: inherit;font-size: 1em\">Eren minoria de la poblaci\u00f3 i tenien tos els drets: propietaris de la major part de les terres, no treballaven, no pagaven impostos i tenien reservats els alts c\u00e0rrecs del regne.<\/span><\/p>\n<p style=\"text-align: justify\">El tercer estament estava integrat pels <strong>no privilegiats:<\/strong><\/p>\n<ul style=\"text-align: justify\">\n<li><strong>Pagesos, lleyataires i pastors\u00a0<\/strong>que eren la immensa majoria de la poblaci\u00f3.<\/li>\n<li><strong style=\"font-family: inherit;font-size: 1em\">Artesans,\u00a0<\/strong><span style=\"font-family: inherit;font-size: 1em\">que constitu\u00efen un sector m\u00e9s redu\u00eft.<\/span><\/li>\n<\/ul>\n<p style=\"text-align: justify\">La seva funci\u00f3 era treballar i mantenir els altres dos estaments. No tenien capdret i estaven sotmesos a forts impostos.<\/p>\n<p><a href=\"https:\/\/agora.xtec.cat\/ceippereanton\/wp-content\/uploads\/usu570\/2020\/05\/piramide-feudal.jpg\"><img loading=\"lazy\" decoding=\"async\" class=\"wp-image-14876 aligncenter\" src=\"https:\/\/agora.xtec.cat\/ceippereanton\/wp-content\/uploads\/usu570\/2020\/05\/piramide-feudal-843x1024.jpg\" alt=\"\" width=\"608\" height=\"738\" srcset=\"https:\/\/agora.xtec.cat\/ceippereanton\/wp-content\/uploads\/usu570\/2020\/05\/piramide-feudal-843x1024.jpg 843w, https:\/\/agora.xtec.cat\/ceippereanton\/wp-content\/uploads\/usu570\/2020\/05\/piramide-feudal-247x300.jpg 247w, https:\/\/agora.xtec.cat\/ceippereanton\/wp-content\/uploads\/usu570\/2020\/05\/piramide-feudal-768x933.jpg 768w, https:\/\/agora.xtec.cat\/ceippereanton\/wp-content\/uploads\/usu570\/2020\/05\/piramide-feudal.jpg 1585w\" sizes=\"auto, (max-width: 608px) 100vw, 608px\" \/><\/a><\/p>\n<p style=\"text-align: justify\">Anem a per una mica de representaci\u00f3 teatral&#8230;<\/p>\n<ul>\n<li style=\"text-align: justify\">L\u2019activitat d\u2019avui consisteix en qu\u00e8 haureu d\u2019escollir un dels personatges de l\u2019Edat Mitjana i haureu de fer-ne una petita representaci\u00f3 teatral. Per tant, haureu de vestir i parlar com el personatge de l\u2019\u00e8poca. Us podeu gravar en un v\u00eddeo i en feu una petita representaci\u00f3 explicant quina \u00e9s la vostra feina a l\u2019Edat mitjana, en quin grup jer\u00e0rquic de la pir\u00e0mide pertanys \u00a0i perqu\u00e8 heu escollit aquest personatge. Abans de fer la gravaci\u00f3 haureu de buscar informaci\u00f3 del personatge que voleu representar i posar-se a la seva pell.<\/li>\n<\/ul>\n<p>&nbsp;<\/p>\n<p style=\"text-align: justify\">Compartiu el v\u00eddeo al google classroom a la carpeta corresponent de l\u2019activitat i qui vulgui de forma volunt\u00e0ria tamb\u00e9 el pot compartir el tauler i aix\u00ed el veiem tots i compartim experi\u00e8ncies.<\/p>\n<p style=\"text-align: justify\">\u00c0nims que pot ser molt divertit!<\/p>\n<p style=\"text-align: justify\"><strong>\u00a0<\/strong><\/p>\n<p style=\"text-align: justify\"><strong>\u00a0<\/strong><\/p>\n<p style=\"text-align: justify\">Una abra\u00e7ada,<\/p>\n<p style=\"text-align: justify\">Eli<\/p>\n","protected":false},"excerpt":{"rendered":"<p>Quin personatge t\u2019agradaria ser a l\u2019Edat Mitjana? &nbsp; La societat feudal era profundament desigual. Estava dividida en estaments\u00a0o ordres, uns [&hellip;]<\/p>\n","protected":false},"author":1,"featured_media":10722,"comment_status":"open","ping_status":"closed","sticky":false,"template":"","format":"standard","meta":{"_bbp_topic_count":0,"_bbp_reply_count":0,"_bbp_total_topic_count":0,"_bbp_total_reply_count":0,"_bbp_voice_count":0,"_bbp_anonymous_reply_count":0,"_bbp_topic_count_hidden":0,"_bbp_reply_count_hidden":0,"_bbp_forum_subforum_count":0,"site-sidebar-layout":"default","site-content-layout":"","ast-site-content-layout":"","site-content-style":"default","site-sidebar-style":"default","ast-global-header-display":"","ast-banner-title-visibility":"","ast-main-header-display":"","ast-hfb-above-header-display":"","ast-hfb-below-header-display":"","ast-hfb-mobile-header-display":"","site-post-title":"","ast-breadcrumbs-content":"","ast-featured-img":"","footer-sml-layout":"","theme-transparent-header-meta":"","adv-header-id-meta":"","stick-header-meta":"","header-above-stick-meta":"","header-main-stick-meta":"","header-below-stick-meta":"","astra-migrate-meta-layouts":"default","ast-page-background-enabled":"default","ast-page-background-meta":{"desktop":{"background-color":"var(--ast-global-color-4)","background-image":"","background-repeat":"repeat","background-position":"center center","background-size":"auto","background-attachment":"scroll","background-type":"","background-media":"","overlay-type":"","overlay-color":"","overlay-opacity":"","overlay-gradient":""},"tablet":{"background-color":"","background-image":"","background-repeat":"repeat","background-position":"center center","background-size":"auto","background-attachment":"scroll","background-type":"","background-media":"","overlay-type":"","overlay-color":"","overlay-opacity":"","overlay-gradient":""},"mobile":{"background-color":"","background-image":"","background-repeat":"repeat","background-position":"center center","background-size":"auto","background-attachment":"scroll","background-type":"","background-media":"","overlay-type":"","overlay-color":"","overlay-opacity":"","overlay-gradient":""}},"ast-content-background-meta":{"desktop":{"background-color":"var(--ast-global-color-5)","background-image":"","background-repeat":"repeat","background-position":"center center","background-size":"auto","background-attachment":"scroll","background-type":"","background-media":"","overlay-type":"","overlay-color":"","overlay-opacity":"","overlay-gradient":""},"tablet":{"background-color":"var(--ast-global-color-5)","background-image":"","background-repeat":"repeat","background-position":"center center","background-size":"auto","background-attachment":"scroll","background-type":"","background-media":"","overlay-type":"","overlay-color":"","overlay-opacity":"","overlay-gradient":""},"mobile":{"background-color":"var(--ast-global-color-5)","background-image":"","background-repeat":"repeat","background-position":"center center","background-size":"auto","background-attachment":"scroll","background-type":"","background-media":"","overlay-type":"","overlay-color":"","overlay-opacity":"","overlay-gradient":""}},"footnotes":""},"categories":[82,5],"tags":[],"class_list":["post-14875","post","type-post","status-publish","format-standard","has-post-thumbnail","hentry","category-6e","category-primaria"],"post_mailing_queue_ids":[],"_links":{"self":[{"href":"https:\/\/agora.xtec.cat\/ceippereanton\/wp-json\/wp\/v2\/posts\/14875","targetHints":{"allow":["GET"]}}],"collection":[{"href":"https:\/\/agora.xtec.cat\/ceippereanton\/wp-json\/wp\/v2\/posts"}],"about":[{"href":"https:\/\/agora.xtec.cat\/ceippereanton\/wp-json\/wp\/v2\/types\/post"}],"author":[{"embeddable":true,"href":"https:\/\/agora.xtec.cat\/ceippereanton\/wp-json\/wp\/v2\/users\/1"}],"replies":[{"embeddable":true,"href":"https:\/\/agora.xtec.cat\/ceippereanton\/wp-json\/wp\/v2\/comments?post=14875"}],"version-history":[{"count":2,"href":"https:\/\/agora.xtec.cat\/ceippereanton\/wp-json\/wp\/v2\/posts\/14875\/revisions"}],"predecessor-version":[{"id":14878,"href":"https:\/\/agora.xtec.cat\/ceippereanton\/wp-json\/wp\/v2\/posts\/14875\/revisions\/14878"}],"wp:featuredmedia":[{"embeddable":true,"href":"https:\/\/agora.xtec.cat\/ceippereanton\/wp-json\/wp\/v2\/media\/10722"}],"wp:attachment":[{"href":"https:\/\/agora.xtec.cat\/ceippereanton\/wp-json\/wp\/v2\/media?parent=14875"}],"wp:term":[{"taxonomy":"category","embeddable":true,"href":"https:\/\/agora.xtec.cat\/ceippereanton\/wp-json\/wp\/v2\/categories?post=14875"},{"taxonomy":"post_tag","embeddable":true,"href":"https:\/\/agora.xtec.cat\/ceippereanton\/wp-json\/wp\/v2\/tags?post=14875"}],"curies":[{"name":"wp","href":"https:\/\/api.w.org\/{rel}","templated":true}]}}