{"id":8958,"date":"2026-05-02T21:01:45","date_gmt":"2026-05-02T19:01:45","guid":{"rendered":"https:\/\/agora.xtec.cat\/ceippauvilaelpapiol\/?p=8958"},"modified":"2026-05-02T21:11:06","modified_gmt":"2026-05-02T19:11:06","slug":"visita-a-la-biblioteca-valenti-almirall-3","status":"publish","type":"post","link":"https:\/\/agora.xtec.cat\/ceippauvilaelpapiol\/infantil\/visita-a-la-biblioteca-valenti-almirall-3\/","title":{"rendered":"Visita a la biblioteca Valent\u00ed Almirall"},"content":{"rendered":"<p class=\"isSelectedEnd\">Els infants d\u2019I4 han visitat la biblioteca Valent\u00ed Almirall, on han gaudit d\u2019una estona molt especial envoltats de llibres i hist\u00f2ries.<\/p>\n<p class=\"isSelectedEnd\">Durant la visita, han descobert la m\u00e0gia dels contes, escoltant narracions plenes d\u2019imaginaci\u00f3 que els han fet viatjar a mons fant\u00e0stics. Ha estat una experi\u00e8ncia enriquidora que fomenta el gust per la lectura i la curiositat pels llibres.<\/p>\n<p><a href=\"https:\/\/photos.app.goo.gl\/UmrwVEgndZPvG7MD7\">S\u2019ho han passat d\u2019all\u00f2 m\u00e9s b\u00e9!<\/a><\/p>\n","protected":false},"excerpt":{"rendered":"<p>Els infants d\u2019I4 han visitat la biblioteca Valent\u00ed Almirall, on han gaudit d\u2019una estona molt especial envoltats de llibres i hist\u00f2ries.&hellip;  <a href=\"https:\/\/agora.xtec.cat\/ceippauvilaelpapiol\/infantil\/visita-a-la-biblioteca-valenti-almirall-3\/\" title=\"Read Visita a la biblioteca Valent\u00ed Almirall\">Llegeix m\u00e9s\u00bb<\/a><\/p>\n","protected":false},"author":85,"featured_media":8960,"comment_status":"open","ping_status":"open","sticky":false,"template":"","format":"standard","meta":{"_bbp_topic_count":0,"_bbp_reply_count":0,"_bbp_total_topic_count":0,"_bbp_total_reply_count":0,"_bbp_voice_count":0,"_bbp_anonymous_reply_count":0,"_bbp_topic_count_hidden":0,"_bbp_reply_count_hidden":0,"_bbp_forum_subforum_count":0,"footnotes":""},"categories":[8,2],"tags":[],"class_list":["post-8958","post","type-post","status-publish","format-standard","has-post-thumbnail","hentry","category-i4","category-infantil"],"post_mailing_queue_ids":[],"_links":{"self":[{"href":"https:\/\/agora.xtec.cat\/ceippauvilaelpapiol\/wp-json\/wp\/v2\/posts\/8958","targetHints":{"allow":["GET"]}}],"collection":[{"href":"https:\/\/agora.xtec.cat\/ceippauvilaelpapiol\/wp-json\/wp\/v2\/posts"}],"about":[{"href":"https:\/\/agora.xtec.cat\/ceippauvilaelpapiol\/wp-json\/wp\/v2\/types\/post"}],"author":[{"embeddable":true,"href":"https:\/\/agora.xtec.cat\/ceippauvilaelpapiol\/wp-json\/wp\/v2\/users\/85"}],"replies":[{"embeddable":true,"href":"https:\/\/agora.xtec.cat\/ceippauvilaelpapiol\/wp-json\/wp\/v2\/comments?post=8958"}],"version-history":[{"count":1,"href":"https:\/\/agora.xtec.cat\/ceippauvilaelpapiol\/wp-json\/wp\/v2\/posts\/8958\/revisions"}],"predecessor-version":[{"id":8959,"href":"https:\/\/agora.xtec.cat\/ceippauvilaelpapiol\/wp-json\/wp\/v2\/posts\/8958\/revisions\/8959"}],"wp:featuredmedia":[{"embeddable":true,"href":"https:\/\/agora.xtec.cat\/ceippauvilaelpapiol\/wp-json\/wp\/v2\/media\/8960"}],"wp:attachment":[{"href":"https:\/\/agora.xtec.cat\/ceippauvilaelpapiol\/wp-json\/wp\/v2\/media?parent=8958"}],"wp:term":[{"taxonomy":"category","embeddable":true,"href":"https:\/\/agora.xtec.cat\/ceippauvilaelpapiol\/wp-json\/wp\/v2\/categories?post=8958"},{"taxonomy":"post_tag","embeddable":true,"href":"https:\/\/agora.xtec.cat\/ceippauvilaelpapiol\/wp-json\/wp\/v2\/tags?post=8958"}],"curies":[{"name":"wp","href":"https:\/\/api.w.org\/{rel}","templated":true}]}}