{"id":8954,"date":"2026-05-02T20:53:11","date_gmt":"2026-05-02T18:53:11","guid":{"rendered":"https:\/\/agora.xtec.cat\/ceippauvilaelpapiol\/?p=8954"},"modified":"2026-05-02T21:09:51","modified_gmt":"2026-05-02T19:09:51","slug":"i4-i5-han-anat-a-lauditori","status":"publish","type":"post","link":"https:\/\/agora.xtec.cat\/ceippauvilaelpapiol\/infantil\/i4-i5-han-anat-a-lauditori\/","title":{"rendered":"I4-I5 a l&#8217;Auditori"},"content":{"rendered":"<p class=\"isSelectedEnd\">Els infants d\u2019I4 i I5 han anat a l\u2019Auditori de Barcelona a veure l\u2019espectacle <em>Ulls clucs<\/em>.<\/p>\n<p class=\"isSelectedEnd\">Ha estat una experi\u00e8ncia molt especial, on han pogut gaudir de la m\u00fasica i deixar volar la imaginaci\u00f3 a trav\u00e9s dels sons. Els nens i nenes s\u2019ho han passat molt b\u00e9 i han viscut una proposta art\u00edstica plena de sensibilitat.<\/p>\n<p><a href=\"https:\/\/photos.app.goo.gl\/EYbcYDzABk2AJuiT8\">Una sortida ben enriquidora!<\/a><\/p>\n","protected":false},"excerpt":{"rendered":"<p>Els infants d\u2019I4 i I5 han anat a l\u2019Auditori de Barcelona a veure l\u2019espectacle Ulls clucs.&hellip;  <a href=\"https:\/\/agora.xtec.cat\/ceippauvilaelpapiol\/infantil\/i4-i5-han-anat-a-lauditori\/\" title=\"Read I4-I5 a l&#8217;Auditori\">Llegeix m\u00e9s\u00bb<\/a><\/p>\n","protected":false},"author":85,"featured_media":8962,"comment_status":"open","ping_status":"open","sticky":false,"template":"","format":"standard","meta":{"_bbp_topic_count":0,"_bbp_reply_count":0,"_bbp_total_topic_count":0,"_bbp_total_reply_count":0,"_bbp_voice_count":0,"_bbp_anonymous_reply_count":0,"_bbp_topic_count_hidden":0,"_bbp_reply_count_hidden":0,"_bbp_forum_subforum_count":0,"footnotes":""},"categories":[8,9,2],"tags":[],"class_list":["post-8954","post","type-post","status-publish","format-standard","has-post-thumbnail","hentry","category-i4","category-i5","category-infantil"],"post_mailing_queue_ids":[],"_links":{"self":[{"href":"https:\/\/agora.xtec.cat\/ceippauvilaelpapiol\/wp-json\/wp\/v2\/posts\/8954","targetHints":{"allow":["GET"]}}],"collection":[{"href":"https:\/\/agora.xtec.cat\/ceippauvilaelpapiol\/wp-json\/wp\/v2\/posts"}],"about":[{"href":"https:\/\/agora.xtec.cat\/ceippauvilaelpapiol\/wp-json\/wp\/v2\/types\/post"}],"author":[{"embeddable":true,"href":"https:\/\/agora.xtec.cat\/ceippauvilaelpapiol\/wp-json\/wp\/v2\/users\/85"}],"replies":[{"embeddable":true,"href":"https:\/\/agora.xtec.cat\/ceippauvilaelpapiol\/wp-json\/wp\/v2\/comments?post=8954"}],"version-history":[{"count":3,"href":"https:\/\/agora.xtec.cat\/ceippauvilaelpapiol\/wp-json\/wp\/v2\/posts\/8954\/revisions"}],"predecessor-version":[{"id":8957,"href":"https:\/\/agora.xtec.cat\/ceippauvilaelpapiol\/wp-json\/wp\/v2\/posts\/8954\/revisions\/8957"}],"wp:featuredmedia":[{"embeddable":true,"href":"https:\/\/agora.xtec.cat\/ceippauvilaelpapiol\/wp-json\/wp\/v2\/media\/8962"}],"wp:attachment":[{"href":"https:\/\/agora.xtec.cat\/ceippauvilaelpapiol\/wp-json\/wp\/v2\/media?parent=8954"}],"wp:term":[{"taxonomy":"category","embeddable":true,"href":"https:\/\/agora.xtec.cat\/ceippauvilaelpapiol\/wp-json\/wp\/v2\/categories?post=8954"},{"taxonomy":"post_tag","embeddable":true,"href":"https:\/\/agora.xtec.cat\/ceippauvilaelpapiol\/wp-json\/wp\/v2\/tags?post=8954"}],"curies":[{"name":"wp","href":"https:\/\/api.w.org\/{rel}","templated":true}]}}