{"id":8916,"date":"2026-04-07T19:02:56","date_gmt":"2026-04-07T17:02:56","guid":{"rendered":"https:\/\/agora.xtec.cat\/ceippauvilaelpapiol\/?p=8916"},"modified":"2026-04-14T23:12:11","modified_gmt":"2026-04-14T21:12:11","slug":"can-santoi-quin-temps-fa","status":"publish","type":"post","link":"https:\/\/agora.xtec.cat\/ceippauvilaelpapiol\/primaria\/3r\/can-santoi-quin-temps-fa\/","title":{"rendered":"CAN SANTOI: QUIN TEMPS FA?"},"content":{"rendered":"<p>Els infants de tercer han anat al\u00a0 Camp d&#8217;Aprenentatge Can Santoi\u00a0 a fer una activitat sobre el temps.<\/p>\n<p>Han fet de meteor\u00f2legs, han descobert els diferents aparells que hi ha per mesurar el temps atmosf\u00e8ric a trav\u00e9s d&#8217;una gimcana, han descobert el nom d&#8217;alguns vents i han pres dades de l&#8217;estaci\u00f3. Ha estat una gran sortida!!<\/p>\n<p><a href=\"https:\/\/photos.app.goo.gl\/FVUjPT43pm8tEq8h7\">FOTOS<\/a><\/p>\n<p><a href=\"https:\/\/drive.google.com\/file\/d\/1zG4f8ljMpio5-WlPfCeytmMPoEmiS8W9\/view?usp=sharing\">V\u00cdDEO:QUIN TEMPS FA?<\/a><\/p>\n<blockquote class=\"wp-embedded-content\" data-secret=\"shMO4sZUta\"><p><a href=\"https:\/\/serveiseducatius.xtec.cat\/cda-cansantoi\/general\/el-supertemps-de-can-santoi\/\">EL supertemps de Can Santoi<\/a><\/p><\/blockquote>\n<p><iframe loading=\"lazy\" class=\"wp-embedded-content\" sandbox=\"allow-scripts\" security=\"restricted\" style=\"position: absolute; visibility: hidden;\" title=\"&#8220;EL supertemps de Can Santoi&#8221; &#8212; Camp d&#039;Aprenentatge de Can Santoi\" src=\"https:\/\/serveiseducatius.xtec.cat\/cda-cansantoi\/general\/el-supertemps-de-can-santoi\/embed\/#?secret=9i2Htdudj8#?secret=shMO4sZUta\" data-secret=\"shMO4sZUta\" width=\"500\" height=\"282\" frameborder=\"0\" marginwidth=\"0\" marginheight=\"0\" scrolling=\"no\"><\/iframe><\/p>\n","protected":false},"excerpt":{"rendered":"<p>Els infants de tercer han anat al\u00a0 Camp d&#8217;Aprenentatge Can Santoi\u00a0 a fer una activitat sobre el temps.<br \/>\nHan fet de meteor\u00f2legs, han descobert els diferents aparells que hi ha per mesurar el temps atmosf\u00e8ric a trav\u00e9s d&#8217;una gimcana, han descobert el nom d&#8217;alguns vents i&hellip;  <a href=\"https:\/\/agora.xtec.cat\/ceippauvilaelpapiol\/primaria\/3r\/can-santoi-quin-temps-fa\/\" title=\"Read CAN SANTOI: QUIN TEMPS FA?\">Llegeix m\u00e9s\u00bb<\/a><\/p>\n","protected":false},"author":1,"featured_media":0,"comment_status":"open","ping_status":"open","sticky":false,"template":"","format":"standard","meta":{"_bbp_topic_count":0,"_bbp_reply_count":0,"_bbp_total_topic_count":0,"_bbp_total_reply_count":0,"_bbp_voice_count":0,"_bbp_anonymous_reply_count":0,"_bbp_topic_count_hidden":0,"_bbp_reply_count_hidden":0,"_bbp_forum_subforum_count":0,"footnotes":""},"categories":[12],"tags":[],"class_list":["post-8916","post","type-post","status-publish","format-standard","hentry","category-3r"],"post_mailing_queue_ids":[],"_links":{"self":[{"href":"https:\/\/agora.xtec.cat\/ceippauvilaelpapiol\/wp-json\/wp\/v2\/posts\/8916","targetHints":{"allow":["GET"]}}],"collection":[{"href":"https:\/\/agora.xtec.cat\/ceippauvilaelpapiol\/wp-json\/wp\/v2\/posts"}],"about":[{"href":"https:\/\/agora.xtec.cat\/ceippauvilaelpapiol\/wp-json\/wp\/v2\/types\/post"}],"author":[{"embeddable":true,"href":"https:\/\/agora.xtec.cat\/ceippauvilaelpapiol\/wp-json\/wp\/v2\/users\/1"}],"replies":[{"embeddable":true,"href":"https:\/\/agora.xtec.cat\/ceippauvilaelpapiol\/wp-json\/wp\/v2\/comments?post=8916"}],"version-history":[{"count":3,"href":"https:\/\/agora.xtec.cat\/ceippauvilaelpapiol\/wp-json\/wp\/v2\/posts\/8916\/revisions"}],"predecessor-version":[{"id":8922,"href":"https:\/\/agora.xtec.cat\/ceippauvilaelpapiol\/wp-json\/wp\/v2\/posts\/8916\/revisions\/8922"}],"wp:attachment":[{"href":"https:\/\/agora.xtec.cat\/ceippauvilaelpapiol\/wp-json\/wp\/v2\/media?parent=8916"}],"wp:term":[{"taxonomy":"category","embeddable":true,"href":"https:\/\/agora.xtec.cat\/ceippauvilaelpapiol\/wp-json\/wp\/v2\/categories?post=8916"},{"taxonomy":"post_tag","embeddable":true,"href":"https:\/\/agora.xtec.cat\/ceippauvilaelpapiol\/wp-json\/wp\/v2\/tags?post=8916"}],"curies":[{"name":"wp","href":"https:\/\/api.w.org\/{rel}","templated":true}]}}