{"id":9754,"date":"2018-04-26T13:36:40","date_gmt":"2018-04-26T11:36:40","guid":{"rendered":"http:\/\/agora.xtec.cat\/ceippaucasals\/?p=9754"},"modified":"2018-05-07T12:54:39","modified_gmt":"2018-05-07T10:54:39","slug":"historia-de-vacarisses-amb-toni-massana","status":"publish","type":"post","link":"https:\/\/agora.xtec.cat\/ceippaucasals\/primaria\/5e\/historia-de-vacarisses-amb-toni-massana\/","title":{"rendered":"HIST\u00d2RIA DE VACARISSES amb TONI MASSANA"},"content":{"rendered":"<p>La Setmana Cultural va ser una setmana ben divertida, vam gaudir de molta informaci\u00f3 sobre el nostre poble, a m\u00e9s de totes les activitats fant\u00e0stiques.<\/p>\n<p>Ara uns explicarem la informaci\u00f3 m\u00e9s rellevant de Vacarisses. L&#8217;Antoni Massana a part de ser l&#8217;alcalde\u00a0 del poble \u00e9s professor d&#8217;hist\u00f2ria.<\/p>\n<p>El grup classe ten\u00edem curiositat per saber d&#8217;on provenia el nom de Vacarisses i, ens va explicar que venia d&#8217;una masia anomenada la Vacarissa situada a Rellinars.<\/p>\n<p>Als segle XVI, no existia el poble, la gent vivia en masies, i eren autosuficients, \u00e9s a dir no necessitaven diners, la gent vivia del que elaborava.<\/p>\n<p>Hi ha moltes masies ex: Les Vendranes, Mas Mim\u00f3&#8230;<\/p>\n<p>Per\u00f2 la m\u00e9s destacada \u00e9s la masia de l&#8217;obac, antiguament\u00a0 &#8220;ubach&#8221;, que va ser habitaba al segle XI.<\/p>\n<p>Algunes paraules clau:<\/p>\n<p>\u00b7 Celler &#8211; lloc on conservar productes<\/p>\n<p>\u00b7 Sagrera &#8211; lloc on la gent vivia, al voltant de l&#8217;esgl\u00e9sia, per estar protegit, degut a que all\u00e0 no es podia lluitar.<\/p>\n<p>\u00b7Vacarisses comen\u00e7a a ser poble.<\/p>\n<p>\u00b71597 &#8211; hi havien 2 cases<\/p>\n<p>\u00b71611 &#8211; 13 cases<\/p>\n<p>I aix\u00ed es va formant a partir del segle XVII. Avui\u00a0 en dia (2018) habiten m\u00e9s de 6522 persones, \u00e9s l&#8217;any amb m\u00e9s poblaci\u00f3 fins ara.<\/p>\n<p>El nostre poble antigament vivia d&#8217;agicultura i ramaderia entre els s.XIV i s.XVII.<\/p>\n<p>L&#8217;any 1960-1970 es venen les terres i la gent ve a estiuejar. M\u00e9s tard al 1980-1990 b\u00e9 molta gent a viure.<\/p>\n<p>Tenim la sort de poder veure i gaudir construccions de temps enrere per exemple:<\/p>\n<p><strong><em>COVES<\/em><\/strong><\/p>\n<p><strong>\u00b7<\/strong> La cova del lladres va ser trobada pel centr excursionista d&#8217;Olesa, on cabant van veure restes d&#8217;ossos , cer\u00e0mica i fins i tot un collaret.<\/p>\n<p>Aquesta cava \u00e9s del neol\u00edtic (3000 a.c )<\/p>\n<p><em><strong>TORROTA<\/strong><\/em><\/p>\n<p>\u00c9s una estructura de pedra de l&#8217;any 1000, \u00e9s a dir l&#8217;edad mitjana (s.XI ).<\/p>\n<p>La feien servir de torre de guaita per protegirse dels \u00e0rabs, una curiositat \u00e9s que la torrota de l&#8217;Obac i la de Monistrol, les quals, totes elles, s\u00f3n quadrades i la nostre \u00e9s rodona.<\/p>\n<p>&nbsp;<\/p>\n<p>&nbsp;<\/p>\n<p><a href=\"https:\/\/photos.app.goo.gl\/Qb3IWshDM3f6MGeH3\"><img loading=\"lazy\" decoding=\"async\" class=\"alignnone size-large wp-image-9755\" src=\"http:\/\/agora.xtec.cat\/ceippaucasals\/wp-content\/uploads\/usu990\/2018\/04\/IMG-0504-1024x768.jpg\" alt=\"\" width=\"1024\" height=\"768\" srcset=\"https:\/\/agora.xtec.cat\/ceippaucasals\/wp-content\/uploads\/usu990\/2018\/04\/IMG-0504-1024x768.jpg 1024w, https:\/\/agora.xtec.cat\/ceippaucasals\/wp-content\/uploads\/usu990\/2018\/04\/IMG-0504-300x225.jpg 300w, https:\/\/agora.xtec.cat\/ceippaucasals\/wp-content\/uploads\/usu990\/2018\/04\/IMG-0504-768x576.jpg 768w, https:\/\/agora.xtec.cat\/ceippaucasals\/wp-content\/uploads\/usu990\/2018\/04\/IMG-0504-200x150.jpg 200w\" sizes=\"auto, (max-width: 1024px) 100vw, 1024px\" \/>Dintre de la setmana cultural, el cicle superior, hem rebut una xerrada sobre la hist\u00f2ria de Vacarisses.<\/a> <a href=\"https:\/\/photos.app.goo.gl\/Qb3IWshDM3f6MGeH3\"><img loading=\"lazy\" decoding=\"async\" class=\"alignnone size-large wp-image-9756\" src=\"http:\/\/agora.xtec.cat\/ceippaucasals\/wp-content\/uploads\/usu990\/2018\/04\/IMG-0505-1024x768.jpg\" alt=\"\" width=\"1024\" height=\"768\" srcset=\"https:\/\/agora.xtec.cat\/ceippaucasals\/wp-content\/uploads\/usu990\/2018\/04\/IMG-0505-1024x768.jpg 1024w, https:\/\/agora.xtec.cat\/ceippaucasals\/wp-content\/uploads\/usu990\/2018\/04\/IMG-0505-300x225.jpg 300w, https:\/\/agora.xtec.cat\/ceippaucasals\/wp-content\/uploads\/usu990\/2018\/04\/IMG-0505-768x576.jpg 768w, https:\/\/agora.xtec.cat\/ceippaucasals\/wp-content\/uploads\/usu990\/2018\/04\/IMG-0505-200x150.jpg 200w\" sizes=\"auto, (max-width: 1024px) 100vw, 1024px\" \/><\/a><\/p>\n","protected":false},"excerpt":{"rendered":"<p>La Setmana Cultural va ser una setmana ben divertida, vam gaudir de molta informaci\u00f3 sobre el nostre poble, a m\u00e9s de totes les activitats fant\u00e0stiques. Ara uns explicarem la informaci\u00f3 m\u00e9s rellevant de Vacarisses. L&#8217;Antoni Massana a part de ser l&#8217;alcalde\u00a0 del poble \u00e9s professor d&#8217;hist\u00f2ria. El grup classe ten\u00edem curiositat per saber d&#8217;on provenia [&hellip;]<\/p>\n","protected":false},"author":22,"featured_media":9757,"comment_status":"open","ping_status":"closed","sticky":false,"template":"","format":"standard","meta":{"_bbp_topic_count":0,"_bbp_reply_count":0,"_bbp_total_topic_count":0,"_bbp_total_reply_count":0,"_bbp_voice_count":0,"_bbp_anonymous_reply_count":0,"_bbp_topic_count_hidden":0,"_bbp_reply_count_hidden":0,"_bbp_forum_subforum_count":0,"site-sidebar-layout":"default","site-content-layout":"","ast-site-content-layout":"","site-content-style":"default","site-sidebar-style":"default","ast-global-header-display":"","ast-banner-title-visibility":"","ast-main-header-display":"","ast-hfb-above-header-display":"","ast-hfb-below-header-display":"","ast-hfb-mobile-header-display":"","site-post-title":"","ast-breadcrumbs-content":"","ast-featured-img":"","footer-sml-layout":"","theme-transparent-header-meta":"","adv-header-id-meta":"","stick-header-meta":"","header-above-stick-meta":"","header-main-stick-meta":"","header-below-stick-meta":"","astra-migrate-meta-layouts":"default","ast-page-background-enabled":"default","ast-page-background-meta":{"desktop":{"background-color":"var(--ast-global-color-4)","background-image":"","background-repeat":"repeat","background-position":"center center","background-size":"auto","background-attachment":"scroll","background-type":"","background-media":"","overlay-type":"","overlay-color":"","overlay-opacity":"","overlay-gradient":""},"tablet":{"background-color":"","background-image":"","background-repeat":"repeat","background-position":"center center","background-size":"auto","background-attachment":"scroll","background-type":"","background-media":"","overlay-type":"","overlay-color":"","overlay-opacity":"","overlay-gradient":""},"mobile":{"background-color":"","background-image":"","background-repeat":"repeat","background-position":"center center","background-size":"auto","background-attachment":"scroll","background-type":"","background-media":"","overlay-type":"","overlay-color":"","overlay-opacity":"","overlay-gradient":""}},"ast-content-background-meta":{"desktop":{"background-color":"var(--ast-global-color-5)","background-image":"","background-repeat":"repeat","background-position":"center center","background-size":"auto","background-attachment":"scroll","background-type":"","background-media":"","overlay-type":"","overlay-color":"","overlay-opacity":"","overlay-gradient":""},"tablet":{"background-color":"var(--ast-global-color-5)","background-image":"","background-repeat":"repeat","background-position":"center center","background-size":"auto","background-attachment":"scroll","background-type":"","background-media":"","overlay-type":"","overlay-color":"","overlay-opacity":"","overlay-gradient":""},"mobile":{"background-color":"var(--ast-global-color-5)","background-image":"","background-repeat":"repeat","background-position":"center center","background-size":"auto","background-attachment":"scroll","background-type":"","background-media":"","overlay-type":"","overlay-color":"","overlay-opacity":"","overlay-gradient":""}},"footnotes":""},"categories":[14,15],"tags":[26,27,108],"class_list":["post-9754","post","type-post","status-publish","format-standard","has-post-thumbnail","hentry","category-5e","category-6e","tag-5e","tag-6e","tag-setmana-cultural"],"post_mailing_queue_ids":[],"_links":{"self":[{"href":"https:\/\/agora.xtec.cat\/ceippaucasals\/wp-json\/wp\/v2\/posts\/9754","targetHints":{"allow":["GET"]}}],"collection":[{"href":"https:\/\/agora.xtec.cat\/ceippaucasals\/wp-json\/wp\/v2\/posts"}],"about":[{"href":"https:\/\/agora.xtec.cat\/ceippaucasals\/wp-json\/wp\/v2\/types\/post"}],"author":[{"embeddable":true,"href":"https:\/\/agora.xtec.cat\/ceippaucasals\/wp-json\/wp\/v2\/users\/22"}],"replies":[{"embeddable":true,"href":"https:\/\/agora.xtec.cat\/ceippaucasals\/wp-json\/wp\/v2\/comments?post=9754"}],"version-history":[{"count":3,"href":"https:\/\/agora.xtec.cat\/ceippaucasals\/wp-json\/wp\/v2\/posts\/9754\/revisions"}],"predecessor-version":[{"id":9817,"href":"https:\/\/agora.xtec.cat\/ceippaucasals\/wp-json\/wp\/v2\/posts\/9754\/revisions\/9817"}],"wp:featuredmedia":[{"embeddable":true,"href":"https:\/\/agora.xtec.cat\/ceippaucasals\/wp-json\/wp\/v2\/media\/9757"}],"wp:attachment":[{"href":"https:\/\/agora.xtec.cat\/ceippaucasals\/wp-json\/wp\/v2\/media?parent=9754"}],"wp:term":[{"taxonomy":"category","embeddable":true,"href":"https:\/\/agora.xtec.cat\/ceippaucasals\/wp-json\/wp\/v2\/categories?post=9754"},{"taxonomy":"post_tag","embeddable":true,"href":"https:\/\/agora.xtec.cat\/ceippaucasals\/wp-json\/wp\/v2\/tags?post=9754"}],"curies":[{"name":"wp","href":"https:\/\/api.w.org\/{rel}","templated":true}]}}