{"id":9437,"date":"2018-02-08T18:24:09","date_gmt":"2018-02-08T17:24:09","guid":{"rendered":"http:\/\/agora.xtec.cat\/ceippaucasals\/?p=9437"},"modified":"2018-02-09T17:03:21","modified_gmt":"2018-02-09T16:03:21","slug":"celebrem-el-carnestoltes-amb-el-xerinola","status":"publish","type":"post","link":"https:\/\/agora.xtec.cat\/ceippaucasals\/infantil\/celebrem-el-carnestoltes-amb-el-xerinola\/","title":{"rendered":"Celebrem el Carnestoltes amb el Xerinola!!!"},"content":{"rendered":"<p><a href=\"http:\/\/agora.xtec.cat\/ceippaucasals\/infantil\/celebrem-el-carnestoltes-amb-el-xerinola\/attachment\/sin-titulo\/\" rel=\"attachment wp-att-9438\"><img loading=\"lazy\" decoding=\"async\" class=\"aligncenter size-full wp-image-9438\" src=\"http:\/\/agora.xtec.cat\/ceippaucasals\/wp-content\/uploads\/usu990\/2018\/02\/Sin-t\u00edtulo.png\" alt=\"\" width=\"864\" height=\"643\" srcset=\"https:\/\/agora.xtec.cat\/ceippaucasals\/wp-content\/uploads\/usu990\/2018\/02\/Sin-t\u00edtulo.png 864w, https:\/\/agora.xtec.cat\/ceippaucasals\/wp-content\/uploads\/usu990\/2018\/02\/Sin-t\u00edtulo-300x223.png 300w, https:\/\/agora.xtec.cat\/ceippaucasals\/wp-content\/uploads\/usu990\/2018\/02\/Sin-t\u00edtulo-768x572.png 768w, https:\/\/agora.xtec.cat\/ceippaucasals\/wp-content\/uploads\/usu990\/2018\/02\/Sin-t\u00edtulo-200x150.png 200w\" sizes=\"auto, (max-width: 864px) 100vw, 864px\" \/><\/a><\/p>\n<p>Avui ha sigut un dia molt especial ja que els alumnes de primer i de segon hem tornat veure al Xerinola!!!<\/p>\n<p>Hem anat al SUM i all\u00e0 estava! Amb tots els nens i nenes d&#8217;Infantil: P3, P4, P5, 1r i 2n. Tots all\u00e0 ben reunits!<\/p>\n<p>Aqu\u00ed teniu les imatges del retrobament: <a href=\"https:\/\/photos.app.goo.gl\/5AgCzuG12CTphttJ3\">Feu clic per veure les imatges<\/a>.<\/p>\n<p>&nbsp;<\/p>\n","protected":false},"excerpt":{"rendered":"<p>Avui ha sigut un dia molt especial ja que els alumnes de primer i de segon hem tornat veure al Xerinola!!! Hem anat al SUM i all\u00e0 estava! Amb tots els nens i nenes d&#8217;Infantil: P3, P4, P5, 1r i 2n. Tots all\u00e0 ben reunits! Aqu\u00ed teniu les imatges del retrobament: Feu clic per veure [&hellip;]<\/p>\n","protected":false},"author":4,"featured_media":9438,"comment_status":"closed","ping_status":"closed","sticky":false,"template":"","format":"standard","meta":{"_bbp_topic_count":0,"_bbp_reply_count":0,"_bbp_total_topic_count":0,"_bbp_total_reply_count":0,"_bbp_voice_count":0,"_bbp_anonymous_reply_count":0,"_bbp_topic_count_hidden":0,"_bbp_reply_count_hidden":0,"_bbp_forum_subforum_count":0,"site-sidebar-layout":"default","site-content-layout":"","ast-site-content-layout":"","site-content-style":"default","site-sidebar-style":"default","ast-global-header-display":"","ast-banner-title-visibility":"","ast-main-header-display":"","ast-hfb-above-header-display":"","ast-hfb-below-header-display":"","ast-hfb-mobile-header-display":"","site-post-title":"","ast-breadcrumbs-content":"","ast-featured-img":"","footer-sml-layout":"","theme-transparent-header-meta":"","adv-header-id-meta":"","stick-header-meta":"","header-above-stick-meta":"","header-main-stick-meta":"","header-below-stick-meta":"","astra-migrate-meta-layouts":"default","ast-page-background-enabled":"default","ast-page-background-meta":{"desktop":{"background-color":"var(--ast-global-color-4)","background-image":"","background-repeat":"repeat","background-position":"center center","background-size":"auto","background-attachment":"scroll","background-type":"","background-media":"","overlay-type":"","overlay-color":"","overlay-opacity":"","overlay-gradient":""},"tablet":{"background-color":"","background-image":"","background-repeat":"repeat","background-position":"center center","background-size":"auto","background-attachment":"scroll","background-type":"","background-media":"","overlay-type":"","overlay-color":"","overlay-opacity":"","overlay-gradient":""},"mobile":{"background-color":"","background-image":"","background-repeat":"repeat","background-position":"center center","background-size":"auto","background-attachment":"scroll","background-type":"","background-media":"","overlay-type":"","overlay-color":"","overlay-opacity":"","overlay-gradient":""}},"ast-content-background-meta":{"desktop":{"background-color":"var(--ast-global-color-5)","background-image":"","background-repeat":"repeat","background-position":"center center","background-size":"auto","background-attachment":"scroll","background-type":"","background-media":"","overlay-type":"","overlay-color":"","overlay-opacity":"","overlay-gradient":""},"tablet":{"background-color":"var(--ast-global-color-5)","background-image":"","background-repeat":"repeat","background-position":"center center","background-size":"auto","background-attachment":"scroll","background-type":"","background-media":"","overlay-type":"","overlay-color":"","overlay-opacity":"","overlay-gradient":""},"mobile":{"background-color":"var(--ast-global-color-5)","background-image":"","background-repeat":"repeat","background-position":"center center","background-size":"auto","background-attachment":"scroll","background-type":"","background-media":"","overlay-type":"","overlay-color":"","overlay-opacity":"","overlay-gradient":""}},"footnotes":""},"categories":[10,11,2],"tags":[211,208,197,210],"class_list":["post-9437","post","type-post","status-publish","format-standard","has-post-thumbnail","hentry","category-1r","category-2n","category-infantil","tag-carnaval","tag-carnestoltes","tag-cicle-in","tag-rei-carnestoltes"],"post_mailing_queue_ids":[],"_links":{"self":[{"href":"https:\/\/agora.xtec.cat\/ceippaucasals\/wp-json\/wp\/v2\/posts\/9437","targetHints":{"allow":["GET"]}}],"collection":[{"href":"https:\/\/agora.xtec.cat\/ceippaucasals\/wp-json\/wp\/v2\/posts"}],"about":[{"href":"https:\/\/agora.xtec.cat\/ceippaucasals\/wp-json\/wp\/v2\/types\/post"}],"author":[{"embeddable":true,"href":"https:\/\/agora.xtec.cat\/ceippaucasals\/wp-json\/wp\/v2\/users\/4"}],"replies":[{"embeddable":true,"href":"https:\/\/agora.xtec.cat\/ceippaucasals\/wp-json\/wp\/v2\/comments?post=9437"}],"version-history":[{"count":2,"href":"https:\/\/agora.xtec.cat\/ceippaucasals\/wp-json\/wp\/v2\/posts\/9437\/revisions"}],"predecessor-version":[{"id":9440,"href":"https:\/\/agora.xtec.cat\/ceippaucasals\/wp-json\/wp\/v2\/posts\/9437\/revisions\/9440"}],"wp:featuredmedia":[{"embeddable":true,"href":"https:\/\/agora.xtec.cat\/ceippaucasals\/wp-json\/wp\/v2\/media\/9438"}],"wp:attachment":[{"href":"https:\/\/agora.xtec.cat\/ceippaucasals\/wp-json\/wp\/v2\/media?parent=9437"}],"wp:term":[{"taxonomy":"category","embeddable":true,"href":"https:\/\/agora.xtec.cat\/ceippaucasals\/wp-json\/wp\/v2\/categories?post=9437"},{"taxonomy":"post_tag","embeddable":true,"href":"https:\/\/agora.xtec.cat\/ceippaucasals\/wp-json\/wp\/v2\/tags?post=9437"}],"curies":[{"name":"wp","href":"https:\/\/api.w.org\/{rel}","templated":true}]}}