{"id":9337,"date":"2017-12-28T18:18:34","date_gmt":"2017-12-28T17:18:34","guid":{"rendered":"http:\/\/agora.xtec.cat\/ceippaucasals\/?p=9337"},"modified":"2020-01-15T17:36:33","modified_gmt":"2020-01-15T16:36:33","slug":"documentacio-de-psicomotricitat-el-circ-per-les-alumnes-de-la-uab-als-mags-i-magues","status":"publish","type":"post","link":"https:\/\/agora.xtec.cat\/ceippaucasals\/primaria\/documentacio-de-psicomotricitat-el-circ-per-les-alumnes-de-la-uab-als-mags-i-magues\/","title":{"rendered":"Documentaci\u00f3 de Psicomotricitat: &#8220;El Circ&#8221;. Per les alumnes de la UAB als Mags i magues."},"content":{"rendered":"<p>&nbsp;<\/p>\n<div class=\"ast-oembed-container \" style=\"height: 100%;\"><iframe loading=\"lazy\" title=\"Alumnes de la UAB a l&#039;escola Pau Casals de Vacarisses: Sessi\u00f3 psicomotriu de Moviment\" width=\"500\" height=\"281\" src=\"https:\/\/www.youtube.com\/embed\/u5xJqiDznGs?feature=oembed\" frameborder=\"0\" allow=\"accelerometer; autoplay; clipboard-write; encrypted-media; gyroscope; picture-in-picture; web-share\" referrerpolicy=\"strict-origin-when-cross-origin\" allowfullscreen><\/iframe><\/div>\n<p>Des de la UAB ha vingut un grup de quatre alumnes per realitzar una sessi\u00f3 de Psicomotricitat als Mags i magues en la nau de &#8220;La F\u00e1brica&#8221; de Vacarisses.<\/p>\n<p>El grup est\u00e0 composat per la Melodie Beguer\u00eds, l&#8217;Albert Cabrera, la Mila Mayoral i l&#8217;Anna Valls. La sessi\u00f3 que van preparar era del bloc de continguts psicomotrius de &#8220;Moviment&#8221;, preparant una sessi\u00f3 de Circ.<\/p>\n<p>El v\u00eddeo l&#8217;han entregat en forma de documentaci\u00f3: regalant als nens i nenes de l&#8217;escola, als mestres i a les fam\u00edlies aquest magn\u00edfic v\u00eddeo que mostra com van aprendre i gaudir la classe dels mags i magues d&#8217;aquesta classe tan ben preparada pels alumnes del Grau d&#8217;Infantil de la UAB.<\/p>\n","protected":false},"excerpt":{"rendered":"<p>&nbsp; Des de la UAB ha vingut un grup de quatre alumnes per realitzar una sessi\u00f3 de Psicomotricitat als Mags i magues en la nau de &#8220;La F\u00e1brica&#8221; de Vacarisses. El grup est\u00e0 composat per la Melodie Beguer\u00eds, l&#8217;Albert Cabrera, la Mila Mayoral i l&#8217;Anna Valls. La sessi\u00f3 que van preparar era del bloc de [&hellip;]<\/p>\n","protected":false},"author":4,"featured_media":9338,"comment_status":"closed","ping_status":"closed","sticky":false,"template":"","format":"standard","meta":{"_bbp_topic_count":0,"_bbp_reply_count":0,"_bbp_total_topic_count":0,"_bbp_total_reply_count":0,"_bbp_voice_count":0,"_bbp_anonymous_reply_count":0,"_bbp_topic_count_hidden":0,"_bbp_reply_count_hidden":0,"_bbp_forum_subforum_count":0,"site-sidebar-layout":"default","site-content-layout":"","ast-site-content-layout":"","site-content-style":"default","site-sidebar-style":"default","ast-global-header-display":"","ast-banner-title-visibility":"","ast-main-header-display":"","ast-hfb-above-header-display":"","ast-hfb-below-header-display":"","ast-hfb-mobile-header-display":"","site-post-title":"","ast-breadcrumbs-content":"","ast-featured-img":"","footer-sml-layout":"","theme-transparent-header-meta":"","adv-header-id-meta":"","stick-header-meta":"","header-above-stick-meta":"","header-main-stick-meta":"","header-below-stick-meta":"","astra-migrate-meta-layouts":"default","ast-page-background-enabled":"default","ast-page-background-meta":{"desktop":{"background-color":"var(--ast-global-color-4)","background-image":"","background-repeat":"repeat","background-position":"center center","background-size":"auto","background-attachment":"scroll","background-type":"","background-media":"","overlay-type":"","overlay-color":"","overlay-opacity":"","overlay-gradient":""},"tablet":{"background-color":"","background-image":"","background-repeat":"repeat","background-position":"center center","background-size":"auto","background-attachment":"scroll","background-type":"","background-media":"","overlay-type":"","overlay-color":"","overlay-opacity":"","overlay-gradient":""},"mobile":{"background-color":"","background-image":"","background-repeat":"repeat","background-position":"center center","background-size":"auto","background-attachment":"scroll","background-type":"","background-media":"","overlay-type":"","overlay-color":"","overlay-opacity":"","overlay-gradient":""}},"ast-content-background-meta":{"desktop":{"background-color":"var(--ast-global-color-5)","background-image":"","background-repeat":"repeat","background-position":"center center","background-size":"auto","background-attachment":"scroll","background-type":"","background-media":"","overlay-type":"","overlay-color":"","overlay-opacity":"","overlay-gradient":""},"tablet":{"background-color":"var(--ast-global-color-5)","background-image":"","background-repeat":"repeat","background-position":"center center","background-size":"auto","background-attachment":"scroll","background-type":"","background-media":"","overlay-type":"","overlay-color":"","overlay-opacity":"","overlay-gradient":""},"mobile":{"background-color":"var(--ast-global-color-5)","background-image":"","background-repeat":"repeat","background-position":"center center","background-size":"auto","background-attachment":"scroll","background-type":"","background-media":"","overlay-type":"","overlay-color":"","overlay-opacity":"","overlay-gradient":""}},"footnotes":""},"categories":[10,40,5,31],"tags":[176,404,100,18,85],"class_list":["post-9337","post","type-post","status-publish","format-standard","has-post-thumbnail","hentry","category-1r","category-ef","category-primaria","category-videos","tag-alumnes-en-practiques","tag-documentacio-pedagogica","tag-educacio-fisica","tag-psicomotricitat","tag-videos"],"post_mailing_queue_ids":[],"_links":{"self":[{"href":"https:\/\/agora.xtec.cat\/ceippaucasals\/wp-json\/wp\/v2\/posts\/9337","targetHints":{"allow":["GET"]}}],"collection":[{"href":"https:\/\/agora.xtec.cat\/ceippaucasals\/wp-json\/wp\/v2\/posts"}],"about":[{"href":"https:\/\/agora.xtec.cat\/ceippaucasals\/wp-json\/wp\/v2\/types\/post"}],"author":[{"embeddable":true,"href":"https:\/\/agora.xtec.cat\/ceippaucasals\/wp-json\/wp\/v2\/users\/4"}],"replies":[{"embeddable":true,"href":"https:\/\/agora.xtec.cat\/ceippaucasals\/wp-json\/wp\/v2\/comments?post=9337"}],"version-history":[{"count":3,"href":"https:\/\/agora.xtec.cat\/ceippaucasals\/wp-json\/wp\/v2\/posts\/9337\/revisions"}],"predecessor-version":[{"id":9341,"href":"https:\/\/agora.xtec.cat\/ceippaucasals\/wp-json\/wp\/v2\/posts\/9337\/revisions\/9341"}],"wp:featuredmedia":[{"embeddable":true,"href":"https:\/\/agora.xtec.cat\/ceippaucasals\/wp-json\/wp\/v2\/media\/9338"}],"wp:attachment":[{"href":"https:\/\/agora.xtec.cat\/ceippaucasals\/wp-json\/wp\/v2\/media?parent=9337"}],"wp:term":[{"taxonomy":"category","embeddable":true,"href":"https:\/\/agora.xtec.cat\/ceippaucasals\/wp-json\/wp\/v2\/categories?post=9337"},{"taxonomy":"post_tag","embeddable":true,"href":"https:\/\/agora.xtec.cat\/ceippaucasals\/wp-json\/wp\/v2\/tags?post=9337"}],"curies":[{"name":"wp","href":"https:\/\/api.w.org\/{rel}","templated":true}]}}