{"id":9272,"date":"2017-12-12T17:40:46","date_gmt":"2017-12-12T16:40:46","guid":{"rendered":"http:\/\/agora.xtec.cat\/ceippaucasals\/?p=9272"},"modified":"2018-03-19T10:07:21","modified_gmt":"2018-03-19T09:07:21","slug":"els-nens-i-nenes-de-p5-ajuden-a-muntar-pessebre-del-poble","status":"publish","type":"post","link":"https:\/\/agora.xtec.cat\/ceippaucasals\/infantil\/els-nens-i-nenes-de-p5-ajuden-a-muntar-pessebre-del-poble\/","title":{"rendered":"Els nens i nenes de P5 ajuden a muntar pessebre del poble."},"content":{"rendered":"<p>Aquest mat\u00ed els nens i nenes de les classes de les llanternes i els tel\u00e8fons han anat a la Pl. Joan Bay\u00e0 acompanyats d&#8217;alguns avis del Casal de la Gent Gran per ajudar a <a href=\"https:\/\/photos.app.goo.gl\/Yu5T6fQnRknre0cX2\">muntar el pessebre<\/a>\u00a0del poble. Aquesta \u00e9s una novetat d&#8217;aquest any i\u00a0ha estat molt emocionant.<\/p>\n<p>Agra\u00efm al Casal d&#8217;avis i l&#8217;Ajuntament aquesta oportunitat.<\/p>\n","protected":false},"excerpt":{"rendered":"<p>Aquest mat\u00ed els nens i nenes de les classes de les llanternes i els tel\u00e8fons han anat a la Pl. Joan Bay\u00e0 acompanyats d&#8217;alguns avis del Casal de la Gent Gran per ajudar a muntar el pessebre\u00a0del poble. Aquesta \u00e9s una novetat d&#8217;aquest any i\u00a0ha estat molt emocionant. Agra\u00efm al Casal d&#8217;avis i l&#8217;Ajuntament aquesta [&hellip;]<\/p>\n","protected":false},"author":1,"featured_media":9274,"comment_status":"open","ping_status":"closed","sticky":false,"template":"","format":"standard","meta":{"_bbp_topic_count":0,"_bbp_reply_count":0,"_bbp_total_topic_count":0,"_bbp_total_reply_count":0,"_bbp_voice_count":0,"_bbp_anonymous_reply_count":0,"_bbp_topic_count_hidden":0,"_bbp_reply_count_hidden":0,"_bbp_forum_subforum_count":0,"site-sidebar-layout":"default","site-content-layout":"","ast-site-content-layout":"","site-content-style":"default","site-sidebar-style":"default","ast-global-header-display":"","ast-banner-title-visibility":"","ast-main-header-display":"","ast-hfb-above-header-display":"","ast-hfb-below-header-display":"","ast-hfb-mobile-header-display":"","site-post-title":"","ast-breadcrumbs-content":"","ast-featured-img":"","footer-sml-layout":"","theme-transparent-header-meta":"","adv-header-id-meta":"","stick-header-meta":"","header-above-stick-meta":"","header-main-stick-meta":"","header-below-stick-meta":"","astra-migrate-meta-layouts":"default","ast-page-background-enabled":"default","ast-page-background-meta":{"desktop":{"background-color":"var(--ast-global-color-4)","background-image":"","background-repeat":"repeat","background-position":"center center","background-size":"auto","background-attachment":"scroll","background-type":"","background-media":"","overlay-type":"","overlay-color":"","overlay-opacity":"","overlay-gradient":""},"tablet":{"background-color":"","background-image":"","background-repeat":"repeat","background-position":"center center","background-size":"auto","background-attachment":"scroll","background-type":"","background-media":"","overlay-type":"","overlay-color":"","overlay-opacity":"","overlay-gradient":""},"mobile":{"background-color":"","background-image":"","background-repeat":"repeat","background-position":"center center","background-size":"auto","background-attachment":"scroll","background-type":"","background-media":"","overlay-type":"","overlay-color":"","overlay-opacity":"","overlay-gradient":""}},"ast-content-background-meta":{"desktop":{"background-color":"var(--ast-global-color-5)","background-image":"","background-repeat":"repeat","background-position":"center center","background-size":"auto","background-attachment":"scroll","background-type":"","background-media":"","overlay-type":"","overlay-color":"","overlay-opacity":"","overlay-gradient":""},"tablet":{"background-color":"var(--ast-global-color-5)","background-image":"","background-repeat":"repeat","background-position":"center center","background-size":"auto","background-attachment":"scroll","background-type":"","background-media":"","overlay-type":"","overlay-color":"","overlay-opacity":"","overlay-gradient":""},"mobile":{"background-color":"var(--ast-global-color-5)","background-image":"","background-repeat":"repeat","background-position":"center center","background-size":"auto","background-attachment":"scroll","background-type":"","background-media":"","overlay-type":"","overlay-color":"","overlay-opacity":"","overlay-gradient":""}},"footnotes":""},"categories":[2,9],"tags":[95,77,104,41,204],"class_list":["post-9272","post","type-post","status-publish","format-standard","has-post-thumbnail","hentry","category-infantil","category-p5","tag-escola","tag-festes","tag-infantil","tag-nadal","tag-pessebre"],"post_mailing_queue_ids":[],"_links":{"self":[{"href":"https:\/\/agora.xtec.cat\/ceippaucasals\/wp-json\/wp\/v2\/posts\/9272","targetHints":{"allow":["GET"]}}],"collection":[{"href":"https:\/\/agora.xtec.cat\/ceippaucasals\/wp-json\/wp\/v2\/posts"}],"about":[{"href":"https:\/\/agora.xtec.cat\/ceippaucasals\/wp-json\/wp\/v2\/types\/post"}],"author":[{"embeddable":true,"href":"https:\/\/agora.xtec.cat\/ceippaucasals\/wp-json\/wp\/v2\/users\/1"}],"replies":[{"embeddable":true,"href":"https:\/\/agora.xtec.cat\/ceippaucasals\/wp-json\/wp\/v2\/comments?post=9272"}],"version-history":[{"count":3,"href":"https:\/\/agora.xtec.cat\/ceippaucasals\/wp-json\/wp\/v2\/posts\/9272\/revisions"}],"predecessor-version":[{"id":9329,"href":"https:\/\/agora.xtec.cat\/ceippaucasals\/wp-json\/wp\/v2\/posts\/9272\/revisions\/9329"}],"wp:featuredmedia":[{"embeddable":true,"href":"https:\/\/agora.xtec.cat\/ceippaucasals\/wp-json\/wp\/v2\/media\/9274"}],"wp:attachment":[{"href":"https:\/\/agora.xtec.cat\/ceippaucasals\/wp-json\/wp\/v2\/media?parent=9272"}],"wp:term":[{"taxonomy":"category","embeddable":true,"href":"https:\/\/agora.xtec.cat\/ceippaucasals\/wp-json\/wp\/v2\/categories?post=9272"},{"taxonomy":"post_tag","embeddable":true,"href":"https:\/\/agora.xtec.cat\/ceippaucasals\/wp-json\/wp\/v2\/tags?post=9272"}],"curies":[{"name":"wp","href":"https:\/\/api.w.org\/{rel}","templated":true}]}}