{"id":541,"date":"2015-12-17T11:01:53","date_gmt":"2015-12-17T10:01:53","guid":{"rendered":"http:\/\/agora.xtec.cat\/ceippaucasals\/?p=541"},"modified":"2015-12-17T11:01:53","modified_gmt":"2015-12-17T10:01:53","slug":"judici","status":"publish","type":"post","link":"https:\/\/agora.xtec.cat\/ceippaucasals\/general\/judici\/","title":{"rendered":"Judici"},"content":{"rendered":"<p>Des de l&#8217;escola treballem els aspectes negatius que genera la viol\u00e8ncia en totes les seves expressions, orals, f\u00edsica, entre iguals, de g\u00e8nere, etc. En motiu del dia Internacional Contra la Viol\u00e8ncia de G\u00e8nere, que la viol\u00e8ncia en totes les seves versions, es celebra el dia 1 de desembre, els alumnes de 6\u00e8A vam dur a terme l&#8217;activitat del judici. A partir d&#8217;un conte &#8220;L&#8217;Artur i la Clementina&#8221; que planteja un conflicte dins d&#8217;una parella de tortugues, els alumnes van desenvolupar una activitat de rols (jutges, ugiers, advocats i jurat) en la que es jutjava un possible cas de viol\u00e8ncia de g\u00e8nere.<\/p>\n<p>Els alumnes van estar molt motivats i van fer una feina magn\u00edfica en l&#8217;elaboraci\u00f3 de proves que demostr\u00e9ssin la culpabilitat o innoc\u00e8ncia dels protagonistes. Aix\u00ed, vam treballar tamb\u00e9 el discurs argumentatiu i el debat, amb la intenci\u00f3 de preparar-los per a la vida activa dins la societat.<\/p>\n<p>Felicitats a l&#8217;alumnat per la feina feta i a les fam\u00edlies per la vostra col\u00b7laboraci\u00f3. L&#8217;Artur va acabar sent innocent, per\u00f2 no va ser una decisi\u00f3 f\u00e0cil per al jurat, que va deliberar una bona estona!<\/p>\n<p>&nbsp;<\/p>\n<p>&nbsp;<br \/>\n<embed type=\"application\/x-shockwave-flash\" src=\"https:\/\/photos.gstatic.com\/media\/slideshow.swf\" width=\"400\" height=\"267\" flashvars=\"host=picasaweb.google.com&#038;noautoplay=1&#038;hl=ca&#038;feat=flashalbum&#038;RGB=0x000000&#038;feed=https%3A%2F%2Fpicasaweb.google.com%2Fdata%2Ffeed%2Fapi%2Fuser%2F106110099984908908936%2Falbumid%2F6229181714993712673%3Falt%3Drss%26kind%3Dphoto%26authkey%3DGv1sRgCJb-uYXZjujIhAE%26hl%3Dca\" pluginspage=\"http:\/\/www.macromedia.com\/go\/getflashplayer\"><\/embed><\/p>\n","protected":false},"excerpt":{"rendered":"<p>Des de l&#8217;escola treballem els aspectes negatius que genera la viol\u00e8ncia en totes les seves expressions, orals, f\u00edsica, entre iguals, de g\u00e8nere, etc. En motiu del dia Internacional Contra la Viol\u00e8ncia de G\u00e8nere, que la viol\u00e8ncia en totes les seves versions, es celebra el dia 1 de desembre, els alumnes de 6\u00e8A vam dur a [&hellip;]<\/p>\n","protected":false},"author":1,"featured_media":0,"comment_status":"open","ping_status":"open","sticky":false,"template":"","format":"standard","meta":{"_bbp_topic_count":0,"_bbp_reply_count":0,"_bbp_total_topic_count":0,"_bbp_total_reply_count":0,"_bbp_voice_count":0,"_bbp_anonymous_reply_count":0,"_bbp_topic_count_hidden":0,"_bbp_reply_count_hidden":0,"_bbp_forum_subforum_count":0,"site-sidebar-layout":"default","site-content-layout":"","ast-site-content-layout":"","site-content-style":"default","site-sidebar-style":"default","ast-global-header-display":"","ast-banner-title-visibility":"","ast-main-header-display":"","ast-hfb-above-header-display":"","ast-hfb-below-header-display":"","ast-hfb-mobile-header-display":"","site-post-title":"","ast-breadcrumbs-content":"","ast-featured-img":"","footer-sml-layout":"","theme-transparent-header-meta":"","adv-header-id-meta":"","stick-header-meta":"","header-above-stick-meta":"","header-main-stick-meta":"","header-below-stick-meta":"","astra-migrate-meta-layouts":"default","ast-page-background-enabled":"default","ast-page-background-meta":{"desktop":{"background-color":"var(--ast-global-color-4)","background-image":"","background-repeat":"repeat","background-position":"center center","background-size":"auto","background-attachment":"scroll","background-type":"","background-media":"","overlay-type":"","overlay-color":"","overlay-opacity":"","overlay-gradient":""},"tablet":{"background-color":"","background-image":"","background-repeat":"repeat","background-position":"center center","background-size":"auto","background-attachment":"scroll","background-type":"","background-media":"","overlay-type":"","overlay-color":"","overlay-opacity":"","overlay-gradient":""},"mobile":{"background-color":"","background-image":"","background-repeat":"repeat","background-position":"center center","background-size":"auto","background-attachment":"scroll","background-type":"","background-media":"","overlay-type":"","overlay-color":"","overlay-opacity":"","overlay-gradient":""}},"ast-content-background-meta":{"desktop":{"background-color":"var(--ast-global-color-5)","background-image":"","background-repeat":"repeat","background-position":"center center","background-size":"auto","background-attachment":"scroll","background-type":"","background-media":"","overlay-type":"","overlay-color":"","overlay-opacity":"","overlay-gradient":""},"tablet":{"background-color":"var(--ast-global-color-5)","background-image":"","background-repeat":"repeat","background-position":"center center","background-size":"auto","background-attachment":"scroll","background-type":"","background-media":"","overlay-type":"","overlay-color":"","overlay-opacity":"","overlay-gradient":""},"mobile":{"background-color":"var(--ast-global-color-5)","background-image":"","background-repeat":"repeat","background-position":"center center","background-size":"auto","background-attachment":"scroll","background-type":"","background-media":"","overlay-type":"","overlay-color":"","overlay-opacity":"","overlay-gradient":""}},"footnotes":""},"categories":[1],"tags":[],"class_list":["post-541","post","type-post","status-publish","format-standard","hentry","category-general"],"post_mailing_queue_ids":[],"_links":{"self":[{"href":"https:\/\/agora.xtec.cat\/ceippaucasals\/wp-json\/wp\/v2\/posts\/541","targetHints":{"allow":["GET"]}}],"collection":[{"href":"https:\/\/agora.xtec.cat\/ceippaucasals\/wp-json\/wp\/v2\/posts"}],"about":[{"href":"https:\/\/agora.xtec.cat\/ceippaucasals\/wp-json\/wp\/v2\/types\/post"}],"author":[{"embeddable":true,"href":"https:\/\/agora.xtec.cat\/ceippaucasals\/wp-json\/wp\/v2\/users\/1"}],"replies":[{"embeddable":true,"href":"https:\/\/agora.xtec.cat\/ceippaucasals\/wp-json\/wp\/v2\/comments?post=541"}],"version-history":[{"count":2,"href":"https:\/\/agora.xtec.cat\/ceippaucasals\/wp-json\/wp\/v2\/posts\/541\/revisions"}],"predecessor-version":[{"id":543,"href":"https:\/\/agora.xtec.cat\/ceippaucasals\/wp-json\/wp\/v2\/posts\/541\/revisions\/543"}],"wp:attachment":[{"href":"https:\/\/agora.xtec.cat\/ceippaucasals\/wp-json\/wp\/v2\/media?parent=541"}],"wp:term":[{"taxonomy":"category","embeddable":true,"href":"https:\/\/agora.xtec.cat\/ceippaucasals\/wp-json\/wp\/v2\/categories?post=541"},{"taxonomy":"post_tag","embeddable":true,"href":"https:\/\/agora.xtec.cat\/ceippaucasals\/wp-json\/wp\/v2\/tags?post=541"}],"curies":[{"name":"wp","href":"https:\/\/api.w.org\/{rel}","templated":true}]}}