{"id":474,"date":"2015-11-24T14:58:51","date_gmt":"2015-11-24T13:58:51","guid":{"rendered":"http:\/\/agora.xtec.cat\/ceippaucasals\/?p=474"},"modified":"2015-11-27T10:46:33","modified_gmt":"2015-11-27T09:46:33","slug":"violencia-de-genere-com-ho-hem-treballat-a-lescola","status":"publish","type":"post","link":"https:\/\/agora.xtec.cat\/ceippaucasals\/general\/violencia-de-genere-com-ho-hem-treballat-a-lescola\/","title":{"rendered":"VIOL\u00c8NCIA DE G\u00c8NERE! Com ho hem treballat a l&#8217;escola?"},"content":{"rendered":"<p>Ja fa dies que anem parlant del tema.<br \/>\nLa situaci\u00f3 social actual fa que sovint apareguin determinades q\u00fcestions que generen di\u00e0leg, conversa i voluntat d&#8217;entendre el m\u00f3n en el que vivim.<br \/>\nPer abordar la viol\u00e8ncia de g\u00e8nere hem partit d&#8217;un conte &#8220;L&#8217;Artur i la Clementina&#8221; i del repartiment de rols a l&#8217;atzar.<br \/>\nPer a qu\u00e8 aquests rols? Qu\u00e8 representen?<br \/>\nDoncs b\u00e9, entre tots hem fet possible un JUDICI: jutges, fiscals, defensors, jurat&#8230;<br \/>\nHa anat molt i molt b\u00e9.<br \/>\nFelicitats nanos, ho heu aconseguit. Ha estat genial. Heu sabut demostrar que la feina ben feta no t\u00e9 fronteres.<br \/>\n<embed width=\"400\" height=\"267\" type=\"application\/x-shockwave-flash\" src=\"https:\/\/photos.gstatic.com\/media\/slideshow.swf\" flashvars=\"host=picasaweb.google.com&amp;noautoplay=1&amp;hl=ca&amp;feat=flashalbum&amp;RGB=0x000000&amp;feed=https%3A%2F%2Fpicasaweb.google.com%2Fdata%2Ffeed%2Fapi%2Fuser%2F106110099984908908936%2Falbumid%2F6220716504007543313%3Falt%3Drss%26kind%3Dphoto%26authkey%3DGv1sRgCL_oz9S9uNnvew%26hl%3Dca\" pluginspage=\"http:\/\/www.macromedia.com\/go\/getflashplayer\"><\/embed><\/p>\n","protected":false},"excerpt":{"rendered":"<p>Ja fa dies que anem parlant del tema. La situaci\u00f3 social actual fa que sovint apareguin determinades q\u00fcestions que generen di\u00e0leg, conversa i voluntat d&#8217;entendre el m\u00f3n en el que vivim. Per abordar la viol\u00e8ncia de g\u00e8nere hem partit d&#8217;un conte &#8220;L&#8217;Artur i la Clementina&#8221; i del repartiment de rols a l&#8217;atzar. Per a qu\u00e8 [&hellip;]<\/p>\n","protected":false},"author":22,"featured_media":0,"comment_status":"open","ping_status":"open","sticky":false,"template":"","format":"standard","meta":{"_bbp_topic_count":0,"_bbp_reply_count":0,"_bbp_total_topic_count":0,"_bbp_total_reply_count":0,"_bbp_voice_count":0,"_bbp_anonymous_reply_count":0,"_bbp_topic_count_hidden":0,"_bbp_reply_count_hidden":0,"_bbp_forum_subforum_count":0,"site-sidebar-layout":"default","site-content-layout":"","ast-site-content-layout":"","site-content-style":"default","site-sidebar-style":"default","ast-global-header-display":"","ast-banner-title-visibility":"","ast-main-header-display":"","ast-hfb-above-header-display":"","ast-hfb-below-header-display":"","ast-hfb-mobile-header-display":"","site-post-title":"","ast-breadcrumbs-content":"","ast-featured-img":"","footer-sml-layout":"","theme-transparent-header-meta":"","adv-header-id-meta":"","stick-header-meta":"","header-above-stick-meta":"","header-main-stick-meta":"","header-below-stick-meta":"","astra-migrate-meta-layouts":"default","ast-page-background-enabled":"default","ast-page-background-meta":{"desktop":{"background-color":"var(--ast-global-color-4)","background-image":"","background-repeat":"repeat","background-position":"center center","background-size":"auto","background-attachment":"scroll","background-type":"","background-media":"","overlay-type":"","overlay-color":"","overlay-opacity":"","overlay-gradient":""},"tablet":{"background-color":"","background-image":"","background-repeat":"repeat","background-position":"center center","background-size":"auto","background-attachment":"scroll","background-type":"","background-media":"","overlay-type":"","overlay-color":"","overlay-opacity":"","overlay-gradient":""},"mobile":{"background-color":"","background-image":"","background-repeat":"repeat","background-position":"center center","background-size":"auto","background-attachment":"scroll","background-type":"","background-media":"","overlay-type":"","overlay-color":"","overlay-opacity":"","overlay-gradient":""}},"ast-content-background-meta":{"desktop":{"background-color":"var(--ast-global-color-5)","background-image":"","background-repeat":"repeat","background-position":"center center","background-size":"auto","background-attachment":"scroll","background-type":"","background-media":"","overlay-type":"","overlay-color":"","overlay-opacity":"","overlay-gradient":""},"tablet":{"background-color":"var(--ast-global-color-5)","background-image":"","background-repeat":"repeat","background-position":"center center","background-size":"auto","background-attachment":"scroll","background-type":"","background-media":"","overlay-type":"","overlay-color":"","overlay-opacity":"","overlay-gradient":""},"mobile":{"background-color":"var(--ast-global-color-5)","background-image":"","background-repeat":"repeat","background-position":"center center","background-size":"auto","background-attachment":"scroll","background-type":"","background-media":"","overlay-type":"","overlay-color":"","overlay-opacity":"","overlay-gradient":""}},"footnotes":""},"categories":[15,1],"tags":[38,37],"class_list":["post-474","post","type-post","status-publish","format-standard","hentry","category-6e","category-general","tag-valors","tag-violencia-de-genere"],"post_mailing_queue_ids":[],"_links":{"self":[{"href":"https:\/\/agora.xtec.cat\/ceippaucasals\/wp-json\/wp\/v2\/posts\/474","targetHints":{"allow":["GET"]}}],"collection":[{"href":"https:\/\/agora.xtec.cat\/ceippaucasals\/wp-json\/wp\/v2\/posts"}],"about":[{"href":"https:\/\/agora.xtec.cat\/ceippaucasals\/wp-json\/wp\/v2\/types\/post"}],"author":[{"embeddable":true,"href":"https:\/\/agora.xtec.cat\/ceippaucasals\/wp-json\/wp\/v2\/users\/22"}],"replies":[{"embeddable":true,"href":"https:\/\/agora.xtec.cat\/ceippaucasals\/wp-json\/wp\/v2\/comments?post=474"}],"version-history":[{"count":2,"href":"https:\/\/agora.xtec.cat\/ceippaucasals\/wp-json\/wp\/v2\/posts\/474\/revisions"}],"predecessor-version":[{"id":476,"href":"https:\/\/agora.xtec.cat\/ceippaucasals\/wp-json\/wp\/v2\/posts\/474\/revisions\/476"}],"wp:attachment":[{"href":"https:\/\/agora.xtec.cat\/ceippaucasals\/wp-json\/wp\/v2\/media?parent=474"}],"wp:term":[{"taxonomy":"category","embeddable":true,"href":"https:\/\/agora.xtec.cat\/ceippaucasals\/wp-json\/wp\/v2\/categories?post=474"},{"taxonomy":"post_tag","embeddable":true,"href":"https:\/\/agora.xtec.cat\/ceippaucasals\/wp-json\/wp\/v2\/tags?post=474"}],"curies":[{"name":"wp","href":"https:\/\/api.w.org\/{rel}","templated":true}]}}