{"id":2925,"date":"2017-10-23T10:34:24","date_gmt":"2017-10-23T08:34:24","guid":{"rendered":"http:\/\/agora.xtec.cat\/ceippaucasals\/?p=2925"},"modified":"2017-11-14T12:38:12","modified_gmt":"2017-11-14T11:38:12","slug":"barcelona-modernista-2","status":"publish","type":"post","link":"https:\/\/agora.xtec.cat\/ceippaucasals\/primaria\/barcelona-modernista-2\/","title":{"rendered":"BARCELONA MODERNISTA"},"content":{"rendered":"<p>El passat divendres, dia 20 d&#8217;octubre, vam poder gaudir d&#8217;una passejada per Barcelona resseguint l&#8217;art modernista de dos dels arquitectes m\u00e9s rellevants: Dom\u00e8nech i Montaner, i, Antoni Gaud\u00ed.<\/p>\n<p>Els dos edificis visitats mostren clarament quines s\u00f3n les caracter\u00edstiques d&#8217;aquest tipus d&#8217;art tan nostrat.<\/p>\n<p>Vam fer una visita guiada per l&#8217;Hospital Sant Pau i m\u00e9s tard a la Pedrera. Va ser molt interessant i molt maco.<\/p>\n<p>A l&#8217;Hospital Sant Pau vam poder visitar el pavell\u00f3 Sant Salvador, que en aquell moment era nom\u00e9s mascul\u00ed. Tamb\u00e9 vam visitat el pavell\u00f3 d&#8217;operacions, la biblioteca i la sala de juntes. La veritat \u00e9s que era molt diferent als Hospitals d&#8217;ara.<\/p>\n<p>A la Pedrera vam visitar el terrat, les golfes, la 4a planta i els jardins interiors. A la 4a planta vam poder veure les habitacions antigues.<\/p>\n<p>Al llarg de tota la sortida vam poder veure molt clar que l&#8217;art modernista estava relacionat amb la natura i les corbes.<\/p>\n<p style=\"text-align: right\">AGUSTINA RAMOS I IRINA S\u00c1NCHEZ<\/p>\n<p><a href=\"https:\/\/photos.app.goo.gl\/LbFMLLZsSfXQoR933\">CLIQUEU AQU\u00cd<\/a><\/p>\n<p><a href=\"https:\/\/photos.app.goo.gl\/LbFMLLZsSfXQoR933\"><img loading=\"lazy\" decoding=\"async\" class=\"alignnone size-large wp-image-2926\" src=\"http:\/\/agora.xtec.cat\/ceippaucasals\/wp-content\/uploads\/usu990\/2017\/10\/20171020_110022-1024x614.jpg\" alt=\"\" width=\"1024\" height=\"614\" srcset=\"https:\/\/agora.xtec.cat\/ceippaucasals\/wp-content\/uploads\/usu990\/2017\/10\/20171020_110022-1024x614.jpg 1024w, https:\/\/agora.xtec.cat\/ceippaucasals\/wp-content\/uploads\/usu990\/2017\/10\/20171020_110022-300x180.jpg 300w, https:\/\/agora.xtec.cat\/ceippaucasals\/wp-content\/uploads\/usu990\/2017\/10\/20171020_110022-768x461.jpg 768w\" sizes=\"auto, (max-width: 1024px) 100vw, 1024px\" \/><\/a><\/p>\n<p><a href=\"http:\/\/agora.xtec.cat\/ceippaucasals\/wp-content\/uploads\/usu990\/2017\/10\/20171020_123827.jpg\"><img loading=\"lazy\" decoding=\"async\" class=\"alignnone size-large wp-image-2927\" src=\"http:\/\/agora.xtec.cat\/ceippaucasals\/wp-content\/uploads\/usu990\/2017\/10\/20171020_123827-1024x614.jpg\" alt=\"\" width=\"1024\" height=\"614\" srcset=\"https:\/\/agora.xtec.cat\/ceippaucasals\/wp-content\/uploads\/usu990\/2017\/10\/20171020_123827-1024x614.jpg 1024w, https:\/\/agora.xtec.cat\/ceippaucasals\/wp-content\/uploads\/usu990\/2017\/10\/20171020_123827-300x180.jpg 300w, https:\/\/agora.xtec.cat\/ceippaucasals\/wp-content\/uploads\/usu990\/2017\/10\/20171020_123827-768x461.jpg 768w\" sizes=\"auto, (max-width: 1024px) 100vw, 1024px\" \/><\/a><\/p>\n<p><a href=\"http:\/\/agora.xtec.cat\/ceippaucasals\/wp-content\/uploads\/usu990\/2017\/10\/20171020_132930.jpg\"><img loading=\"lazy\" decoding=\"async\" class=\"alignnone size-large wp-image-2928\" src=\"http:\/\/agora.xtec.cat\/ceippaucasals\/wp-content\/uploads\/usu990\/2017\/10\/20171020_132930-614x1024.jpg\" alt=\"\" width=\"614\" height=\"1024\" srcset=\"https:\/\/agora.xtec.cat\/ceippaucasals\/wp-content\/uploads\/usu990\/2017\/10\/20171020_132930-614x1024.jpg 614w, https:\/\/agora.xtec.cat\/ceippaucasals\/wp-content\/uploads\/usu990\/2017\/10\/20171020_132930-180x300.jpg 180w, https:\/\/agora.xtec.cat\/ceippaucasals\/wp-content\/uploads\/usu990\/2017\/10\/20171020_132930-768x1280.jpg 768w, https:\/\/agora.xtec.cat\/ceippaucasals\/wp-content\/uploads\/usu990\/2017\/10\/20171020_132930.jpg 1536w\" sizes=\"auto, (max-width: 614px) 100vw, 614px\" \/><\/a><\/p>\n<p><a href=\"http:\/\/agora.xtec.cat\/ceippaucasals\/wp-content\/uploads\/usu990\/2017\/10\/P_20171020_103210.jpg\"><img loading=\"lazy\" decoding=\"async\" class=\"alignnone size-large wp-image-2929\" src=\"http:\/\/agora.xtec.cat\/ceippaucasals\/wp-content\/uploads\/usu990\/2017\/10\/P_20171020_103210-1024x576.jpg\" alt=\"\" width=\"1024\" height=\"576\" srcset=\"https:\/\/agora.xtec.cat\/ceippaucasals\/wp-content\/uploads\/usu990\/2017\/10\/P_20171020_103210-1024x576.jpg 1024w, https:\/\/agora.xtec.cat\/ceippaucasals\/wp-content\/uploads\/usu990\/2017\/10\/P_20171020_103210-300x169.jpg 300w, https:\/\/agora.xtec.cat\/ceippaucasals\/wp-content\/uploads\/usu990\/2017\/10\/P_20171020_103210-768x432.jpg 768w\" sizes=\"auto, (max-width: 1024px) 100vw, 1024px\" \/><\/a><\/p>\n<p><a href=\"http:\/\/agora.xtec.cat\/ceippaucasals\/wp-content\/uploads\/usu990\/2017\/10\/P_20171020_105000.jpg\"><img loading=\"lazy\" decoding=\"async\" class=\"alignnone size-large wp-image-2930\" src=\"http:\/\/agora.xtec.cat\/ceippaucasals\/wp-content\/uploads\/usu990\/2017\/10\/P_20171020_105000-576x1024.jpg\" alt=\"\" width=\"576\" height=\"1024\" srcset=\"https:\/\/agora.xtec.cat\/ceippaucasals\/wp-content\/uploads\/usu990\/2017\/10\/P_20171020_105000-576x1024.jpg 576w, https:\/\/agora.xtec.cat\/ceippaucasals\/wp-content\/uploads\/usu990\/2017\/10\/P_20171020_105000-169x300.jpg 169w, https:\/\/agora.xtec.cat\/ceippaucasals\/wp-content\/uploads\/usu990\/2017\/10\/P_20171020_105000-768x1365.jpg 768w\" sizes=\"auto, (max-width: 576px) 100vw, 576px\" \/><\/a><\/p>\n<p><a href=\"http:\/\/agora.xtec.cat\/ceippaucasals\/wp-content\/uploads\/usu990\/2017\/10\/P_20171020_113719_HDR.jpg\"><img loading=\"lazy\" decoding=\"async\" class=\"alignnone size-large wp-image-2931\" src=\"http:\/\/agora.xtec.cat\/ceippaucasals\/wp-content\/uploads\/usu990\/2017\/10\/P_20171020_113719_HDR-1024x576.jpg\" alt=\"\" width=\"1024\" height=\"576\" srcset=\"https:\/\/agora.xtec.cat\/ceippaucasals\/wp-content\/uploads\/usu990\/2017\/10\/P_20171020_113719_HDR-1024x576.jpg 1024w, https:\/\/agora.xtec.cat\/ceippaucasals\/wp-content\/uploads\/usu990\/2017\/10\/P_20171020_113719_HDR-300x169.jpg 300w, https:\/\/agora.xtec.cat\/ceippaucasals\/wp-content\/uploads\/usu990\/2017\/10\/P_20171020_113719_HDR-768x432.jpg 768w\" sizes=\"auto, (max-width: 1024px) 100vw, 1024px\" \/><\/a><\/p>\n<p><a href=\"http:\/\/agora.xtec.cat\/ceippaucasals\/wp-content\/uploads\/usu990\/2017\/10\/P_20171020_122116.jpg\"><img loading=\"lazy\" decoding=\"async\" class=\"alignnone size-large wp-image-2932\" src=\"http:\/\/agora.xtec.cat\/ceippaucasals\/wp-content\/uploads\/usu990\/2017\/10\/P_20171020_122116-1024x576.jpg\" alt=\"\" width=\"1024\" height=\"576\" srcset=\"https:\/\/agora.xtec.cat\/ceippaucasals\/wp-content\/uploads\/usu990\/2017\/10\/P_20171020_122116-1024x576.jpg 1024w, https:\/\/agora.xtec.cat\/ceippaucasals\/wp-content\/uploads\/usu990\/2017\/10\/P_20171020_122116-300x169.jpg 300w, https:\/\/agora.xtec.cat\/ceippaucasals\/wp-content\/uploads\/usu990\/2017\/10\/P_20171020_122116-768x432.jpg 768w\" sizes=\"auto, (max-width: 1024px) 100vw, 1024px\" \/><\/a><\/p>\n<p><a href=\"http:\/\/agora.xtec.cat\/ceippaucasals\/wp-content\/uploads\/usu990\/2017\/10\/P_20171020_124531.jpg\"><img loading=\"lazy\" decoding=\"async\" class=\"alignnone size-large wp-image-2933\" src=\"http:\/\/agora.xtec.cat\/ceippaucasals\/wp-content\/uploads\/usu990\/2017\/10\/P_20171020_124531-1024x576.jpg\" alt=\"\" width=\"1024\" height=\"576\" srcset=\"https:\/\/agora.xtec.cat\/ceippaucasals\/wp-content\/uploads\/usu990\/2017\/10\/P_20171020_124531-1024x576.jpg 1024w, https:\/\/agora.xtec.cat\/ceippaucasals\/wp-content\/uploads\/usu990\/2017\/10\/P_20171020_124531-300x169.jpg 300w, https:\/\/agora.xtec.cat\/ceippaucasals\/wp-content\/uploads\/usu990\/2017\/10\/P_20171020_124531-768x432.jpg 768w\" sizes=\"auto, (max-width: 1024px) 100vw, 1024px\" \/><\/a><\/p>\n","protected":false},"excerpt":{"rendered":"<p>El passat divendres, dia 20 d&#8217;octubre, vam poder gaudir d&#8217;una passejada per Barcelona resseguint l&#8217;art modernista de dos dels arquitectes m\u00e9s rellevants: Dom\u00e8nech i Montaner, i, Antoni Gaud\u00ed. Els dos edificis visitats mostren clarament quines s\u00f3n les caracter\u00edstiques d&#8217;aquest tipus d&#8217;art tan nostrat. Vam fer una visita guiada per l&#8217;Hospital Sant Pau i m\u00e9s tard [&hellip;]<\/p>\n","protected":false},"author":22,"featured_media":2974,"comment_status":"open","ping_status":"closed","sticky":false,"template":"","format":"standard","meta":{"_bbp_topic_count":0,"_bbp_reply_count":0,"_bbp_total_topic_count":0,"_bbp_total_reply_count":0,"_bbp_voice_count":0,"_bbp_anonymous_reply_count":0,"_bbp_topic_count_hidden":0,"_bbp_reply_count_hidden":0,"_bbp_forum_subforum_count":0,"site-sidebar-layout":"default","site-content-layout":"","ast-site-content-layout":"","site-content-style":"default","site-sidebar-style":"default","ast-global-header-display":"","ast-banner-title-visibility":"","ast-main-header-display":"","ast-hfb-above-header-display":"","ast-hfb-below-header-display":"","ast-hfb-mobile-header-display":"","site-post-title":"","ast-breadcrumbs-content":"","ast-featured-img":"","footer-sml-layout":"","theme-transparent-header-meta":"","adv-header-id-meta":"","stick-header-meta":"","header-above-stick-meta":"","header-main-stick-meta":"","header-below-stick-meta":"","astra-migrate-meta-layouts":"default","ast-page-background-enabled":"default","ast-page-background-meta":{"desktop":{"background-color":"var(--ast-global-color-4)","background-image":"","background-repeat":"repeat","background-position":"center center","background-size":"auto","background-attachment":"scroll","background-type":"","background-media":"","overlay-type":"","overlay-color":"","overlay-opacity":"","overlay-gradient":""},"tablet":{"background-color":"","background-image":"","background-repeat":"repeat","background-position":"center center","background-size":"auto","background-attachment":"scroll","background-type":"","background-media":"","overlay-type":"","overlay-color":"","overlay-opacity":"","overlay-gradient":""},"mobile":{"background-color":"","background-image":"","background-repeat":"repeat","background-position":"center center","background-size":"auto","background-attachment":"scroll","background-type":"","background-media":"","overlay-type":"","overlay-color":"","overlay-opacity":"","overlay-gradient":""}},"ast-content-background-meta":{"desktop":{"background-color":"var(--ast-global-color-5)","background-image":"","background-repeat":"repeat","background-position":"center center","background-size":"auto","background-attachment":"scroll","background-type":"","background-media":"","overlay-type":"","overlay-color":"","overlay-opacity":"","overlay-gradient":""},"tablet":{"background-color":"var(--ast-global-color-5)","background-image":"","background-repeat":"repeat","background-position":"center center","background-size":"auto","background-attachment":"scroll","background-type":"","background-media":"","overlay-type":"","overlay-color":"","overlay-opacity":"","overlay-gradient":""},"mobile":{"background-color":"var(--ast-global-color-5)","background-image":"","background-repeat":"repeat","background-position":"center center","background-size":"auto","background-attachment":"scroll","background-type":"","background-media":"","overlay-type":"","overlay-color":"","overlay-opacity":"","overlay-gradient":""}},"footnotes":""},"categories":[15,5],"tags":[187,188,16],"class_list":["post-2925","post","type-post","status-publish","format-standard","has-post-thumbnail","hentry","category-6e","category-primaria","tag-barcelona","tag-modernista","tag-sortides"],"post_mailing_queue_ids":[],"_links":{"self":[{"href":"https:\/\/agora.xtec.cat\/ceippaucasals\/wp-json\/wp\/v2\/posts\/2925","targetHints":{"allow":["GET"]}}],"collection":[{"href":"https:\/\/agora.xtec.cat\/ceippaucasals\/wp-json\/wp\/v2\/posts"}],"about":[{"href":"https:\/\/agora.xtec.cat\/ceippaucasals\/wp-json\/wp\/v2\/types\/post"}],"author":[{"embeddable":true,"href":"https:\/\/agora.xtec.cat\/ceippaucasals\/wp-json\/wp\/v2\/users\/22"}],"replies":[{"embeddable":true,"href":"https:\/\/agora.xtec.cat\/ceippaucasals\/wp-json\/wp\/v2\/comments?post=2925"}],"version-history":[{"count":4,"href":"https:\/\/agora.xtec.cat\/ceippaucasals\/wp-json\/wp\/v2\/posts\/2925\/revisions"}],"predecessor-version":[{"id":2939,"href":"https:\/\/agora.xtec.cat\/ceippaucasals\/wp-json\/wp\/v2\/posts\/2925\/revisions\/2939"}],"wp:featuredmedia":[{"embeddable":true,"href":"https:\/\/agora.xtec.cat\/ceippaucasals\/wp-json\/wp\/v2\/media\/2974"}],"wp:attachment":[{"href":"https:\/\/agora.xtec.cat\/ceippaucasals\/wp-json\/wp\/v2\/media?parent=2925"}],"wp:term":[{"taxonomy":"category","embeddable":true,"href":"https:\/\/agora.xtec.cat\/ceippaucasals\/wp-json\/wp\/v2\/categories?post=2925"},{"taxonomy":"post_tag","embeddable":true,"href":"https:\/\/agora.xtec.cat\/ceippaucasals\/wp-json\/wp\/v2\/tags?post=2925"}],"curies":[{"name":"wp","href":"https:\/\/api.w.org\/{rel}","templated":true}]}}