{"id":2809,"date":"2017-10-09T09:50:50","date_gmt":"2017-10-09T07:50:50","guid":{"rendered":"http:\/\/agora.xtec.cat\/ceippaucasals\/?p=2809"},"modified":"2018-03-19T10:04:28","modified_gmt":"2018-03-19T09:04:28","slug":"lectura-al-mati","status":"publish","type":"post","link":"https:\/\/agora.xtec.cat\/ceippaucasals\/general\/lectura-al-mati\/","title":{"rendered":"Lectura al mat\u00ed"},"content":{"rendered":"<p style=\"text-align: center;\">Aquest curs 2017-2018 tots els alumnes de prim\u00e0ria dediquen la primera mitja hora del mat\u00ed a la lectura.\u00a0Amb l&#8217;objectiu de desenvolupar l&#8217;h\u00e0bit lector, es duen a terme diversitat d&#8217;activitats pel gaudi de llegir, ja sigui individualment o en grup. Durant aquesta mitja hora, es mant\u00e9 un clima de relaxaci\u00f3, calma i concentraci\u00f3 que afavoreix el desenvolupament de les activitats. Un r\u00e8tol penjat a la porta de les aules, recorda a tothom que durant aquesta estona no es pot entrar a la classe ni destorbar la lectura dels qui estan a l&#8217;aula. Aquesta iniciativa nom\u00e9s \u00e9s possible gr\u00e0cies a la col\u00b7laboraci\u00f3 de les fam\u00edlies, que amb un esfor\u00e7 en mantenir la puntualitat al mat\u00ed han fet que cada dia els alumnes puguin gaudir de la lectura sense distraccions.<\/p>\n<p style=\"text-align: center;\">Moltes gr\u00e0cies a tots!<\/p>\n<p><a href=\"http:\/\/agora.xtec.cat\/ceippaucasals\/wp-content\/uploads\/usu990\/2017\/10\/IMG-20171006-WA0010-1.jpg\"><img loading=\"lazy\" decoding=\"async\" class=\"wp-image-2810 aligncenter\" src=\"http:\/\/agora.xtec.cat\/ceippaucasals\/wp-content\/uploads\/usu990\/2017\/10\/IMG-20171006-WA0010-1-768x1024.jpg\" alt=\"\" width=\"336\" height=\"448\" srcset=\"https:\/\/agora.xtec.cat\/ceippaucasals\/wp-content\/uploads\/usu990\/2017\/10\/IMG-20171006-WA0010-1-768x1024.jpg 768w, https:\/\/agora.xtec.cat\/ceippaucasals\/wp-content\/uploads\/usu990\/2017\/10\/IMG-20171006-WA0010-1-225x300.jpg 225w, https:\/\/agora.xtec.cat\/ceippaucasals\/wp-content\/uploads\/usu990\/2017\/10\/IMG-20171006-WA0010-1.jpg 1200w\" sizes=\"auto, (max-width: 336px) 100vw, 336px\" \/><\/a><\/p>\n","protected":false},"excerpt":{"rendered":"<p>Aquest curs 2017-2018 tots els alumnes de prim\u00e0ria dediquen la primera mitja hora del mat\u00ed a la lectura.\u00a0Amb l&#8217;objectiu de desenvolupar l&#8217;h\u00e0bit lector, es duen a terme diversitat d&#8217;activitats pel gaudi de llegir, ja sigui individualment o en grup. Durant aquesta mitja hora, es mant\u00e9 un clima de relaxaci\u00f3, calma i concentraci\u00f3 que afavoreix el [&hellip;]<\/p>\n","protected":false},"author":1,"featured_media":9200,"comment_status":"open","ping_status":"closed","sticky":false,"template":"","format":"standard","meta":{"_bbp_topic_count":0,"_bbp_reply_count":0,"_bbp_total_topic_count":0,"_bbp_total_reply_count":0,"_bbp_voice_count":0,"_bbp_anonymous_reply_count":0,"_bbp_topic_count_hidden":0,"_bbp_reply_count_hidden":0,"_bbp_forum_subforum_count":0,"site-sidebar-layout":"default","site-content-layout":"","ast-site-content-layout":"","site-content-style":"default","site-sidebar-style":"default","ast-global-header-display":"","ast-banner-title-visibility":"","ast-main-header-display":"","ast-hfb-above-header-display":"","ast-hfb-below-header-display":"","ast-hfb-mobile-header-display":"","site-post-title":"","ast-breadcrumbs-content":"","ast-featured-img":"","footer-sml-layout":"","theme-transparent-header-meta":"","adv-header-id-meta":"","stick-header-meta":"","header-above-stick-meta":"","header-main-stick-meta":"","header-below-stick-meta":"","astra-migrate-meta-layouts":"default","ast-page-background-enabled":"default","ast-page-background-meta":{"desktop":{"background-color":"var(--ast-global-color-4)","background-image":"","background-repeat":"repeat","background-position":"center center","background-size":"auto","background-attachment":"scroll","background-type":"","background-media":"","overlay-type":"","overlay-color":"","overlay-opacity":"","overlay-gradient":""},"tablet":{"background-color":"","background-image":"","background-repeat":"repeat","background-position":"center center","background-size":"auto","background-attachment":"scroll","background-type":"","background-media":"","overlay-type":"","overlay-color":"","overlay-opacity":"","overlay-gradient":""},"mobile":{"background-color":"","background-image":"","background-repeat":"repeat","background-position":"center center","background-size":"auto","background-attachment":"scroll","background-type":"","background-media":"","overlay-type":"","overlay-color":"","overlay-opacity":"","overlay-gradient":""}},"ast-content-background-meta":{"desktop":{"background-color":"var(--ast-global-color-5)","background-image":"","background-repeat":"repeat","background-position":"center center","background-size":"auto","background-attachment":"scroll","background-type":"","background-media":"","overlay-type":"","overlay-color":"","overlay-opacity":"","overlay-gradient":""},"tablet":{"background-color":"var(--ast-global-color-5)","background-image":"","background-repeat":"repeat","background-position":"center center","background-size":"auto","background-attachment":"scroll","background-type":"","background-media":"","overlay-type":"","overlay-color":"","overlay-opacity":"","overlay-gradient":""},"mobile":{"background-color":"var(--ast-global-color-5)","background-image":"","background-repeat":"repeat","background-position":"center center","background-size":"auto","background-attachment":"scroll","background-type":"","background-media":"","overlay-type":"","overlay-color":"","overlay-opacity":"","overlay-gradient":""}},"footnotes":""},"categories":[10,11,12,13,14,15,115,1,5],"tags":[149,150],"class_list":["post-2809","post","type-post","status-publish","format-standard","has-post-thumbnail","hentry","category-1r","category-2n","category-3r","category-4t","category-5e","category-6e","category-familia","category-general","category-primaria","tag-lectura","tag-puntualitat"],"post_mailing_queue_ids":[],"_links":{"self":[{"href":"https:\/\/agora.xtec.cat\/ceippaucasals\/wp-json\/wp\/v2\/posts\/2809","targetHints":{"allow":["GET"]}}],"collection":[{"href":"https:\/\/agora.xtec.cat\/ceippaucasals\/wp-json\/wp\/v2\/posts"}],"about":[{"href":"https:\/\/agora.xtec.cat\/ceippaucasals\/wp-json\/wp\/v2\/types\/post"}],"author":[{"embeddable":true,"href":"https:\/\/agora.xtec.cat\/ceippaucasals\/wp-json\/wp\/v2\/users\/1"}],"replies":[{"embeddable":true,"href":"https:\/\/agora.xtec.cat\/ceippaucasals\/wp-json\/wp\/v2\/comments?post=2809"}],"version-history":[{"count":3,"href":"https:\/\/agora.xtec.cat\/ceippaucasals\/wp-json\/wp\/v2\/posts\/2809\/revisions"}],"predecessor-version":[{"id":2814,"href":"https:\/\/agora.xtec.cat\/ceippaucasals\/wp-json\/wp\/v2\/posts\/2809\/revisions\/2814"}],"wp:featuredmedia":[{"embeddable":true,"href":"https:\/\/agora.xtec.cat\/ceippaucasals\/wp-json\/wp\/v2\/media\/9200"}],"wp:attachment":[{"href":"https:\/\/agora.xtec.cat\/ceippaucasals\/wp-json\/wp\/v2\/media?parent=2809"}],"wp:term":[{"taxonomy":"category","embeddable":true,"href":"https:\/\/agora.xtec.cat\/ceippaucasals\/wp-json\/wp\/v2\/categories?post=2809"},{"taxonomy":"post_tag","embeddable":true,"href":"https:\/\/agora.xtec.cat\/ceippaucasals\/wp-json\/wp\/v2\/tags?post=2809"}],"curies":[{"name":"wp","href":"https:\/\/api.w.org\/{rel}","templated":true}]}}