{"id":2631,"date":"2017-06-16T14:14:38","date_gmt":"2017-06-16T12:14:38","guid":{"rendered":"http:\/\/agora.xtec.cat\/ceippaucasals\/?p=2631"},"modified":"2017-06-16T14:16:54","modified_gmt":"2017-06-16T12:16:54","slug":"xerrada-sobre-els-refugiats","status":"publish","type":"post","link":"https:\/\/agora.xtec.cat\/ceippaucasals\/primaria\/5e\/xerrada-sobre-els-refugiats\/","title":{"rendered":"XERRADA SOBRE ELS REFUGIATS"},"content":{"rendered":"<p>El divendres, dia 9 de juny, vam comptar amb l&#8217;experi\u00e8ncia de dos germans, el Pol i la Berta.<\/p>\n<p>Dos nois que han volgut comprometre&#8217;s amb la societat i aix\u00f2 els ha dut a viure d&#8217;aprop el que hi ha dins els camps de refugiats.<\/p>\n<p>Una activitat-taller que ha posat en situaci\u00f3 a l&#8217;alumnat de 5\u00e8.<\/p>\n<p>Gr\u00e0cies a tots dos!<\/p>\n<p><a href=\"https:\/\/goo.gl\/photos\/9QEB5GhwytEgM44C9\"><img loading=\"lazy\" decoding=\"async\" class=\"size-large wp-image-2632\" src=\"http:\/\/agora.xtec.cat\/ceippaucasals\/wp-content\/uploads\/usu990\/2017\/06\/SAM_6808-1024x768.jpg\" alt=\"SAMSUNG CAMERA PICTURES\" width=\"1024\" height=\"768\" srcset=\"https:\/\/agora.xtec.cat\/ceippaucasals\/wp-content\/uploads\/usu990\/2017\/06\/SAM_6808.jpg 1024w, https:\/\/agora.xtec.cat\/ceippaucasals\/wp-content\/uploads\/usu990\/2017\/06\/SAM_6808-300x225.jpg 300w, https:\/\/agora.xtec.cat\/ceippaucasals\/wp-content\/uploads\/usu990\/2017\/06\/SAM_6808-768x576.jpg 768w, https:\/\/agora.xtec.cat\/ceippaucasals\/wp-content\/uploads\/usu990\/2017\/06\/SAM_6808-200x150.jpg 200w\" sizes=\"auto, (max-width: 1024px) 100vw, 1024px\" \/><\/a><\/p>\n<p>Tamb\u00e9 ens han deixat un llibre que cont\u00e9 la hist\u00f2ria d&#8217;alguns testimonis d&#8217;aquesta cruel crisis de refugiats.<\/p>\n<p>Lectures imprescindibles que ens ajudarant a con\u00e8ixer la seva realitat!<\/p>\n<p><a href=\"https:\/\/goo.gl\/photos\/9QEB5GhwytEgM44C9\"><img loading=\"lazy\" decoding=\"async\" class=\"alignnone wp-image-2633\" src=\"http:\/\/agora.xtec.cat\/ceippaucasals\/wp-content\/uploads\/usu990\/2017\/06\/P_20170616_140917_1-662x1024.jpg\" alt=\"P_20170616_140917_1\" width=\"456\" height=\"706\" srcset=\"https:\/\/agora.xtec.cat\/ceippaucasals\/wp-content\/uploads\/usu990\/2017\/06\/P_20170616_140917_1-662x1024.jpg 662w, https:\/\/agora.xtec.cat\/ceippaucasals\/wp-content\/uploads\/usu990\/2017\/06\/P_20170616_140917_1-194x300.jpg 194w, https:\/\/agora.xtec.cat\/ceippaucasals\/wp-content\/uploads\/usu990\/2017\/06\/P_20170616_140917_1-768x1189.jpg 768w\" sizes=\"auto, (max-width: 456px) 100vw, 456px\" \/><\/a><\/p>\n","protected":false},"excerpt":{"rendered":"<p>El divendres, dia 9 de juny, vam comptar amb l&#8217;experi\u00e8ncia de dos germans, el Pol i la Berta. Dos nois que han volgut comprometre&#8217;s amb la societat i aix\u00f2 els ha dut a viure d&#8217;aprop el que hi ha dins els camps de refugiats. Una activitat-taller que ha posat en situaci\u00f3 a l&#8217;alumnat de 5\u00e8. [&hellip;]<\/p>\n","protected":false},"author":22,"featured_media":2632,"comment_status":"open","ping_status":"closed","sticky":false,"template":"","format":"standard","meta":{"_bbp_topic_count":0,"_bbp_reply_count":0,"_bbp_total_topic_count":0,"_bbp_total_reply_count":0,"_bbp_voice_count":0,"_bbp_anonymous_reply_count":0,"_bbp_topic_count_hidden":0,"_bbp_reply_count_hidden":0,"_bbp_forum_subforum_count":0,"site-sidebar-layout":"default","site-content-layout":"","ast-site-content-layout":"","site-content-style":"default","site-sidebar-style":"default","ast-global-header-display":"","ast-banner-title-visibility":"","ast-main-header-display":"","ast-hfb-above-header-display":"","ast-hfb-below-header-display":"","ast-hfb-mobile-header-display":"","site-post-title":"","ast-breadcrumbs-content":"","ast-featured-img":"","footer-sml-layout":"","theme-transparent-header-meta":"","adv-header-id-meta":"","stick-header-meta":"","header-above-stick-meta":"","header-main-stick-meta":"","header-below-stick-meta":"","astra-migrate-meta-layouts":"default","ast-page-background-enabled":"default","ast-page-background-meta":{"desktop":{"background-color":"var(--ast-global-color-4)","background-image":"","background-repeat":"repeat","background-position":"center center","background-size":"auto","background-attachment":"scroll","background-type":"","background-media":"","overlay-type":"","overlay-color":"","overlay-opacity":"","overlay-gradient":""},"tablet":{"background-color":"","background-image":"","background-repeat":"repeat","background-position":"center center","background-size":"auto","background-attachment":"scroll","background-type":"","background-media":"","overlay-type":"","overlay-color":"","overlay-opacity":"","overlay-gradient":""},"mobile":{"background-color":"","background-image":"","background-repeat":"repeat","background-position":"center center","background-size":"auto","background-attachment":"scroll","background-type":"","background-media":"","overlay-type":"","overlay-color":"","overlay-opacity":"","overlay-gradient":""}},"ast-content-background-meta":{"desktop":{"background-color":"var(--ast-global-color-5)","background-image":"","background-repeat":"repeat","background-position":"center center","background-size":"auto","background-attachment":"scroll","background-type":"","background-media":"","overlay-type":"","overlay-color":"","overlay-opacity":"","overlay-gradient":""},"tablet":{"background-color":"var(--ast-global-color-5)","background-image":"","background-repeat":"repeat","background-position":"center center","background-size":"auto","background-attachment":"scroll","background-type":"","background-media":"","overlay-type":"","overlay-color":"","overlay-opacity":"","overlay-gradient":""},"mobile":{"background-color":"var(--ast-global-color-5)","background-image":"","background-repeat":"repeat","background-position":"center center","background-size":"auto","background-attachment":"scroll","background-type":"","background-media":"","overlay-type":"","overlay-color":"","overlay-opacity":"","overlay-gradient":""}},"footnotes":""},"categories":[14],"tags":[],"class_list":["post-2631","post","type-post","status-publish","format-standard","has-post-thumbnail","hentry","category-5e"],"post_mailing_queue_ids":[],"_links":{"self":[{"href":"https:\/\/agora.xtec.cat\/ceippaucasals\/wp-json\/wp\/v2\/posts\/2631","targetHints":{"allow":["GET"]}}],"collection":[{"href":"https:\/\/agora.xtec.cat\/ceippaucasals\/wp-json\/wp\/v2\/posts"}],"about":[{"href":"https:\/\/agora.xtec.cat\/ceippaucasals\/wp-json\/wp\/v2\/types\/post"}],"author":[{"embeddable":true,"href":"https:\/\/agora.xtec.cat\/ceippaucasals\/wp-json\/wp\/v2\/users\/22"}],"replies":[{"embeddable":true,"href":"https:\/\/agora.xtec.cat\/ceippaucasals\/wp-json\/wp\/v2\/comments?post=2631"}],"version-history":[{"count":2,"href":"https:\/\/agora.xtec.cat\/ceippaucasals\/wp-json\/wp\/v2\/posts\/2631\/revisions"}],"predecessor-version":[{"id":2635,"href":"https:\/\/agora.xtec.cat\/ceippaucasals\/wp-json\/wp\/v2\/posts\/2631\/revisions\/2635"}],"wp:featuredmedia":[{"embeddable":true,"href":"https:\/\/agora.xtec.cat\/ceippaucasals\/wp-json\/wp\/v2\/media\/2632"}],"wp:attachment":[{"href":"https:\/\/agora.xtec.cat\/ceippaucasals\/wp-json\/wp\/v2\/media?parent=2631"}],"wp:term":[{"taxonomy":"category","embeddable":true,"href":"https:\/\/agora.xtec.cat\/ceippaucasals\/wp-json\/wp\/v2\/categories?post=2631"},{"taxonomy":"post_tag","embeddable":true,"href":"https:\/\/agora.xtec.cat\/ceippaucasals\/wp-json\/wp\/v2\/tags?post=2631"}],"curies":[{"name":"wp","href":"https:\/\/api.w.org\/{rel}","templated":true}]}}