{"id":1599,"date":"2016-10-30T08:21:24","date_gmt":"2016-10-30T07:21:24","guid":{"rendered":"http:\/\/agora.xtec.cat\/ceippaucasals\/?p=1599"},"modified":"2016-12-13T21:02:10","modified_gmt":"2016-12-13T20:02:10","slug":"collage-de-tardor","status":"publish","type":"post","link":"https:\/\/agora.xtec.cat\/ceippaucasals\/primaria\/3r\/collage-de-tardor\/","title":{"rendered":"COLLAGE DE TARDOR"},"content":{"rendered":"<h5><span style=\"color: #000000;\">\u00c9s temps de tardor i els nens i nenes del Cicle Mitj\u00e0 hem volgut sortir a fer un tomb pel nostre preci\u00f3s entorn i aix\u00ed poder-ne gaudir directament d&#8217;aquesta bonica estaci\u00f3.\u00a0Sortint des de l&#8217;escola, ens hem acostat fins a la urbanitzaci\u00f3 de La Coma, all\u00e0 hem jugat una bona estona i despr\u00e9s hem fet grups amb nens i nenes de tercer i quart. Tot seguit hem buscat cosetes de natura que ens ajudessin per a la creaci\u00f3 d&#8217;un &#8220;collage amb elements de tardor&#8221;.<\/span><\/h5>\n<h5><span style=\"color: #000000;\">A la tarda, a l&#8217;escola, ens hem retrobat els mateixos grups i hem muntat les nostres composicions; han quedat xul\u00edssims i a sobre, com que ens hem esfor\u00e7at tant, tots hem tingut premis &#8220;terror\u00edfics&#8221;.<\/span><\/h5>\n<h5><span style=\"color: #000000;\">Si voleu veure les fotos cliqueu a la fotografia.<\/span><\/h5>\n<h5><span style=\"color: #000000;\"><a style=\"color: #000000;\" href=\"https:\/\/goo.gl\/photos\/hmLVXBJmvmP3KUP96\"><img loading=\"lazy\" decoding=\"async\" class=\"alignnone size-full wp-image-1600\" src=\"http:\/\/agora.xtec.cat\/ceippaucasals\/wp-content\/uploads\/usu990\/2016\/10\/fig-3-estampa-otonal.jpg\" alt=\"fig-3-estampa-otonal\" width=\"1000\" height=\"500\" srcset=\"https:\/\/agora.xtec.cat\/ceippaucasals\/wp-content\/uploads\/usu990\/2016\/10\/fig-3-estampa-otonal.jpg 1000w, https:\/\/agora.xtec.cat\/ceippaucasals\/wp-content\/uploads\/usu990\/2016\/10\/fig-3-estampa-otonal-300x150.jpg 300w, https:\/\/agora.xtec.cat\/ceippaucasals\/wp-content\/uploads\/usu990\/2016\/10\/fig-3-estampa-otonal-768x384.jpg 768w\" sizes=\"auto, (max-width: 1000px) 100vw, 1000px\" \/><\/a><\/span><\/h5>\n<h5><span style=\"color: #000000;\">Bona Castanyada a tothom!!<\/span><\/h5>\n<div><\/div>\n","protected":false},"excerpt":{"rendered":"<p>\u00c9s temps de tardor i els nens i nenes del Cicle Mitj\u00e0 hem volgut sortir a fer un tomb pel nostre preci\u00f3s entorn i aix\u00ed poder-ne gaudir directament d&#8217;aquesta bonica estaci\u00f3.\u00a0Sortint des de l&#8217;escola, ens hem acostat fins a la urbanitzaci\u00f3 de La Coma, all\u00e0 hem jugat una bona estona i despr\u00e9s hem fet grups [&hellip;]<\/p>\n","protected":false},"author":1,"featured_media":1590,"comment_status":"open","ping_status":"open","sticky":false,"template":"","format":"standard","meta":{"_bbp_topic_count":0,"_bbp_reply_count":0,"_bbp_total_topic_count":0,"_bbp_total_reply_count":0,"_bbp_voice_count":0,"_bbp_anonymous_reply_count":0,"_bbp_topic_count_hidden":0,"_bbp_reply_count_hidden":0,"_bbp_forum_subforum_count":0,"site-sidebar-layout":"default","site-content-layout":"","ast-site-content-layout":"","site-content-style":"default","site-sidebar-style":"default","ast-global-header-display":"","ast-banner-title-visibility":"","ast-main-header-display":"","ast-hfb-above-header-display":"","ast-hfb-below-header-display":"","ast-hfb-mobile-header-display":"","site-post-title":"","ast-breadcrumbs-content":"","ast-featured-img":"","footer-sml-layout":"","theme-transparent-header-meta":"","adv-header-id-meta":"","stick-header-meta":"","header-above-stick-meta":"","header-main-stick-meta":"","header-below-stick-meta":"","astra-migrate-meta-layouts":"default","ast-page-background-enabled":"default","ast-page-background-meta":{"desktop":{"background-color":"var(--ast-global-color-4)","background-image":"","background-repeat":"repeat","background-position":"center center","background-size":"auto","background-attachment":"scroll","background-type":"","background-media":"","overlay-type":"","overlay-color":"","overlay-opacity":"","overlay-gradient":""},"tablet":{"background-color":"","background-image":"","background-repeat":"repeat","background-position":"center center","background-size":"auto","background-attachment":"scroll","background-type":"","background-media":"","overlay-type":"","overlay-color":"","overlay-opacity":"","overlay-gradient":""},"mobile":{"background-color":"","background-image":"","background-repeat":"repeat","background-position":"center center","background-size":"auto","background-attachment":"scroll","background-type":"","background-media":"","overlay-type":"","overlay-color":"","overlay-opacity":"","overlay-gradient":""}},"ast-content-background-meta":{"desktop":{"background-color":"var(--ast-global-color-5)","background-image":"","background-repeat":"repeat","background-position":"center center","background-size":"auto","background-attachment":"scroll","background-type":"","background-media":"","overlay-type":"","overlay-color":"","overlay-opacity":"","overlay-gradient":""},"tablet":{"background-color":"var(--ast-global-color-5)","background-image":"","background-repeat":"repeat","background-position":"center center","background-size":"auto","background-attachment":"scroll","background-type":"","background-media":"","overlay-type":"","overlay-color":"","overlay-opacity":"","overlay-gradient":""},"mobile":{"background-color":"var(--ast-global-color-5)","background-image":"","background-repeat":"repeat","background-position":"center center","background-size":"auto","background-attachment":"scroll","background-type":"","background-media":"","overlay-type":"","overlay-color":"","overlay-opacity":"","overlay-gradient":""}},"footnotes":""},"categories":[12,13],"tags":[16,75],"class_list":["post-1599","post","type-post","status-publish","format-standard","has-post-thumbnail","hentry","category-3r","category-4t","tag-sortides","tag-tardor"],"post_mailing_queue_ids":[],"_links":{"self":[{"href":"https:\/\/agora.xtec.cat\/ceippaucasals\/wp-json\/wp\/v2\/posts\/1599","targetHints":{"allow":["GET"]}}],"collection":[{"href":"https:\/\/agora.xtec.cat\/ceippaucasals\/wp-json\/wp\/v2\/posts"}],"about":[{"href":"https:\/\/agora.xtec.cat\/ceippaucasals\/wp-json\/wp\/v2\/types\/post"}],"author":[{"embeddable":true,"href":"https:\/\/agora.xtec.cat\/ceippaucasals\/wp-json\/wp\/v2\/users\/1"}],"replies":[{"embeddable":true,"href":"https:\/\/agora.xtec.cat\/ceippaucasals\/wp-json\/wp\/v2\/comments?post=1599"}],"version-history":[{"count":3,"href":"https:\/\/agora.xtec.cat\/ceippaucasals\/wp-json\/wp\/v2\/posts\/1599\/revisions"}],"predecessor-version":[{"id":1610,"href":"https:\/\/agora.xtec.cat\/ceippaucasals\/wp-json\/wp\/v2\/posts\/1599\/revisions\/1610"}],"wp:featuredmedia":[{"embeddable":true,"href":"https:\/\/agora.xtec.cat\/ceippaucasals\/wp-json\/wp\/v2\/media\/1590"}],"wp:attachment":[{"href":"https:\/\/agora.xtec.cat\/ceippaucasals\/wp-json\/wp\/v2\/media?parent=1599"}],"wp:term":[{"taxonomy":"category","embeddable":true,"href":"https:\/\/agora.xtec.cat\/ceippaucasals\/wp-json\/wp\/v2\/categories?post=1599"},{"taxonomy":"post_tag","embeddable":true,"href":"https:\/\/agora.xtec.cat\/ceippaucasals\/wp-json\/wp\/v2\/tags?post=1599"}],"curies":[{"name":"wp","href":"https:\/\/api.w.org\/{rel}","templated":true}]}}