{"id":14773,"date":"2026-03-05T13:02:07","date_gmt":"2026-03-05T12:02:07","guid":{"rendered":"https:\/\/agora.xtec.cat\/ceippaucasals\/?p=14773"},"modified":"2026-03-05T13:05:01","modified_gmt":"2026-03-05T12:05:01","slug":"xerrada-sobre-la-guerra-civil-al-nostre-voltant","status":"publish","type":"post","link":"https:\/\/agora.xtec.cat\/ceippaucasals\/general\/xerrada-sobre-la-guerra-civil-al-nostre-voltant\/","title":{"rendered":"XERRADA SOBRE LA GUERRA CIVIL AL NOSTRE VOLTANT"},"content":{"rendered":"\n<figure class=\"wp-block-image size-large is-resized\"><a href=\"https:\/\/agora.xtec.cat\/ceippaucasals\/wp-content\/uploads\/usu990\/2026\/03\/IMG_20260305_0929292-scaled.jpg\"><img loading=\"lazy\" decoding=\"async\" width=\"1024\" height=\"760\" src=\"https:\/\/agora.xtec.cat\/ceippaucasals\/wp-content\/uploads\/usu990\/2026\/03\/IMG_20260305_0929292-1024x760.jpg\" alt=\"\" class=\"wp-image-14777\" style=\"width:466px;height:auto\" srcset=\"https:\/\/agora.xtec.cat\/ceippaucasals\/wp-content\/uploads\/usu990\/2026\/03\/IMG_20260305_0929292-1024x760.jpg 1024w, https:\/\/agora.xtec.cat\/ceippaucasals\/wp-content\/uploads\/usu990\/2026\/03\/IMG_20260305_0929292-300x223.jpg 300w, https:\/\/agora.xtec.cat\/ceippaucasals\/wp-content\/uploads\/usu990\/2026\/03\/IMG_20260305_0929292-768x570.jpg 768w, https:\/\/agora.xtec.cat\/ceippaucasals\/wp-content\/uploads\/usu990\/2026\/03\/IMG_20260305_0929292-1536x1140.jpg 1536w, https:\/\/agora.xtec.cat\/ceippaucasals\/wp-content\/uploads\/usu990\/2026\/03\/IMG_20260305_0929292-2048x1520.jpg 2048w\" sizes=\"auto, (max-width: 1024px) 100vw, 1024px\" \/><\/a><\/figure>\n\n\n\n<p>Avui, les classes de 6\u00e8s, hem tingut l\u2019oportunitat de gaudir d\u2019una xerrada molt especial a l\u2019escola. Ens ha visitat <strong>l\u2019alcalde del municipi<\/strong>, que en aquesta ocasi\u00f3 ha vingut en qualitat d\u2019historiador per parlar-nos sobre com es va viure la Guerra Civil a les comarques del nostre entorn aprofitant el tema de la nostra situaci\u00f3 d&#8217;aprenentge.<\/p>\n\n\n\n<p>Durant la sessi\u00f3, l\u2019alumnat ha pogut con\u00e8ixer millor alguns dels fets que van marcar la vida quotidiana de la poblaci\u00f3. A trav\u00e9s d\u2019explicacions, exemples i an\u00e8cdotes vinculades al territori, ens ha ajudat a entendre com els esdeveniments de la Guerra Civil van afectar pobles i ciutats de la nostra comarca i de les zones properes.<\/p>\n\n\n\n<p>La xerrada tamb\u00e9 ha servit per reflexionar sobre la import\u00e0ncia de con\u00e8ixer la hist\u00f2ria local i de preservar la mem\u00f2ria hist\u00f2rica. L\u2019alumnat ha participat activament fent preguntes i mostrant inter\u00e8s pels testimonis.<\/p>\n\n\n\n<p>Des de l\u2019escola volem agrair la seva visita i la seva disponibilitat per compartir sempre els seus coneixements amb nosaltres. Sens dubte, ha estat una activitat molt enriquidora que ens ha perm\u00e8s apropar-nos a la hist\u00f2ria d\u2019una manera m\u00e9s propera i significativa.<\/p>\n\n\n\n<p><\/p>\n","protected":false},"excerpt":{"rendered":"<p>Avui, les classes de 6\u00e8s, hem tingut l\u2019oportunitat de gaudir d\u2019una xerrada molt especial a l\u2019escola. Ens ha visitat l\u2019alcalde del municipi, que en aquesta ocasi\u00f3 ha vingut en qualitat d\u2019historiador per parlar-nos sobre com es va viure la Guerra Civil a les comarques del nostre entorn aprofitant el tema de la nostra situaci\u00f3 d&#8217;aprenentge. [&hellip;]<\/p>\n","protected":false},"author":61,"featured_media":0,"comment_status":"open","ping_status":"open","sticky":false,"template":"","format":"standard","meta":{"_bbp_topic_count":0,"_bbp_reply_count":0,"_bbp_total_topic_count":0,"_bbp_total_reply_count":0,"_bbp_voice_count":0,"_bbp_anonymous_reply_count":0,"_bbp_topic_count_hidden":0,"_bbp_reply_count_hidden":0,"_bbp_forum_subforum_count":0,"site-sidebar-layout":"default","site-content-layout":"","ast-site-content-layout":"default","site-content-style":"default","site-sidebar-style":"default","ast-global-header-display":"","ast-banner-title-visibility":"","ast-main-header-display":"","ast-hfb-above-header-display":"","ast-hfb-below-header-display":"","ast-hfb-mobile-header-display":"","site-post-title":"","ast-breadcrumbs-content":"","ast-featured-img":"","footer-sml-layout":"","theme-transparent-header-meta":"","adv-header-id-meta":"","stick-header-meta":"","header-above-stick-meta":"","header-main-stick-meta":"","header-below-stick-meta":"","astra-migrate-meta-layouts":"set","ast-page-background-enabled":"default","ast-page-background-meta":{"desktop":{"background-color":"var(--ast-global-color-4)","background-image":"","background-repeat":"repeat","background-position":"center center","background-size":"auto","background-attachment":"scroll","background-type":"","background-media":"","overlay-type":"","overlay-color":"","overlay-opacity":"","overlay-gradient":""},"tablet":{"background-color":"","background-image":"","background-repeat":"repeat","background-position":"center center","background-size":"auto","background-attachment":"scroll","background-type":"","background-media":"","overlay-type":"","overlay-color":"","overlay-opacity":"","overlay-gradient":""},"mobile":{"background-color":"","background-image":"","background-repeat":"repeat","background-position":"center center","background-size":"auto","background-attachment":"scroll","background-type":"","background-media":"","overlay-type":"","overlay-color":"","overlay-opacity":"","overlay-gradient":""}},"ast-content-background-meta":{"desktop":{"background-color":"var(--ast-global-color-5)","background-image":"","background-repeat":"repeat","background-position":"center center","background-size":"auto","background-attachment":"scroll","background-type":"","background-media":"","overlay-type":"","overlay-color":"","overlay-opacity":"","overlay-gradient":""},"tablet":{"background-color":"var(--ast-global-color-5)","background-image":"","background-repeat":"repeat","background-position":"center center","background-size":"auto","background-attachment":"scroll","background-type":"","background-media":"","overlay-type":"","overlay-color":"","overlay-opacity":"","overlay-gradient":""},"mobile":{"background-color":"var(--ast-global-color-5)","background-image":"","background-repeat":"repeat","background-position":"center center","background-size":"auto","background-attachment":"scroll","background-type":"","background-media":"","overlay-type":"","overlay-color":"","overlay-opacity":"","overlay-gradient":""}},"footnotes":""},"categories":[15,1],"tags":[],"class_list":["post-14773","post","type-post","status-publish","format-standard","hentry","category-6e","category-general"],"post_mailing_queue_ids":[],"_links":{"self":[{"href":"https:\/\/agora.xtec.cat\/ceippaucasals\/wp-json\/wp\/v2\/posts\/14773","targetHints":{"allow":["GET"]}}],"collection":[{"href":"https:\/\/agora.xtec.cat\/ceippaucasals\/wp-json\/wp\/v2\/posts"}],"about":[{"href":"https:\/\/agora.xtec.cat\/ceippaucasals\/wp-json\/wp\/v2\/types\/post"}],"author":[{"embeddable":true,"href":"https:\/\/agora.xtec.cat\/ceippaucasals\/wp-json\/wp\/v2\/users\/61"}],"replies":[{"embeddable":true,"href":"https:\/\/agora.xtec.cat\/ceippaucasals\/wp-json\/wp\/v2\/comments?post=14773"}],"version-history":[{"count":2,"href":"https:\/\/agora.xtec.cat\/ceippaucasals\/wp-json\/wp\/v2\/posts\/14773\/revisions"}],"predecessor-version":[{"id":14786,"href":"https:\/\/agora.xtec.cat\/ceippaucasals\/wp-json\/wp\/v2\/posts\/14773\/revisions\/14786"}],"wp:attachment":[{"href":"https:\/\/agora.xtec.cat\/ceippaucasals\/wp-json\/wp\/v2\/media?parent=14773"}],"wp:term":[{"taxonomy":"category","embeddable":true,"href":"https:\/\/agora.xtec.cat\/ceippaucasals\/wp-json\/wp\/v2\/categories?post=14773"},{"taxonomy":"post_tag","embeddable":true,"href":"https:\/\/agora.xtec.cat\/ceippaucasals\/wp-json\/wp\/v2\/tags?post=14773"}],"curies":[{"name":"wp","href":"https:\/\/api.w.org\/{rel}","templated":true}]}}