{"id":14709,"date":"2026-01-30T17:45:46","date_gmt":"2026-01-30T16:45:46","guid":{"rendered":"https:\/\/agora.xtec.cat\/ceippaucasals\/?p=14709"},"modified":"2026-01-30T17:45:47","modified_gmt":"2026-01-30T16:45:47","slug":"denip-dia-escolar-de-la-pau-i-la-no-violencia","status":"publish","type":"post","link":"https:\/\/agora.xtec.cat\/ceippaucasals\/general\/denip-dia-escolar-de-la-pau-i-la-no-violencia\/","title":{"rendered":"DENIP &#8211; Dia escolar de la pau i la no viol\u00e8ncia"},"content":{"rendered":"\n<p>El passat <strong>30 de gener<\/strong>, l\u2019escola va commemorar el Dia Escolar de la Pau i la No Viol\u00e8ncia amb diverses activitats adre\u00e7ades a tot l\u2019alumnat.<\/p>\n\n\n\n<p>Al llarg del dia es va elaborar un <strong>mural col\u00b7laboratiu<\/strong> a l\u2019entrada del centre, en forma de bola del m\u00f3n, on es va reflexionar sobre <em>el m\u00f3n que tenim i el m\u00f3n que volem<\/em>, a partir d\u2019imatges i missatges de corresponsabilitat creats pels alumnes.<\/p>\n\n\n\n<p>Tamb\u00e9 es van penjar <strong>coloms de la pau<\/strong> als passadissos amb missatges elaborats per parelles.<\/p>\n\n\n\n<p>A m\u00e9s, a nivell d\u2019aula, es van realitzar altres activitats complement\u00e0ries, com el visionat de <strong>curts sobre la pau<\/strong>, recomanats per la <strong>COCOBE del centre<\/strong>, i converses que van afavorir la reflexi\u00f3 i el di\u00e0leg sobre la conviv\u00e8ncia i la no-viol\u00e8ncia.<\/p>\n\n\n\n<figure class=\"wp-block-image aligncenter\"><img loading=\"lazy\" decoding=\"async\" width=\"582\" height=\"640\" src=\"https:\/\/agora.xtec.cat\/ceippaucasals\/wp-content\/uploads\/usu990\/2026\/01\/IMG_5560.jpeg\" alt=\"\" class=\"wp-image-14710\" srcset=\"https:\/\/agora.xtec.cat\/ceippaucasals\/wp-content\/uploads\/usu990\/2026\/01\/IMG_5560.jpeg 582w, https:\/\/agora.xtec.cat\/ceippaucasals\/wp-content\/uploads\/usu990\/2026\/01\/IMG_5560-273x300.jpeg 273w\" sizes=\"auto, (max-width: 582px) 100vw, 582px\" \/><\/figure>\n","protected":false},"excerpt":{"rendered":"<p>El passat 30 de gener, l\u2019escola va commemorar el Dia Escolar de la Pau i la No Viol\u00e8ncia amb diverses activitats adre\u00e7ades a tot l\u2019alumnat. Al llarg del dia es va elaborar un mural col\u00b7laboratiu a l\u2019entrada del centre, en forma de bola del m\u00f3n, on es va reflexionar sobre el m\u00f3n que tenim i [&hellip;]<\/p>\n","protected":false},"author":1,"featured_media":14710,"comment_status":"open","ping_status":"open","sticky":false,"template":"","format":"standard","meta":{"_bbp_topic_count":0,"_bbp_reply_count":0,"_bbp_total_topic_count":0,"_bbp_total_reply_count":0,"_bbp_voice_count":0,"_bbp_anonymous_reply_count":0,"_bbp_topic_count_hidden":0,"_bbp_reply_count_hidden":0,"_bbp_forum_subforum_count":0,"site-sidebar-layout":"default","site-content-layout":"","ast-site-content-layout":"default","site-content-style":"default","site-sidebar-style":"default","ast-global-header-display":"","ast-banner-title-visibility":"","ast-main-header-display":"","ast-hfb-above-header-display":"","ast-hfb-below-header-display":"","ast-hfb-mobile-header-display":"","site-post-title":"","ast-breadcrumbs-content":"","ast-featured-img":"","footer-sml-layout":"","theme-transparent-header-meta":"","adv-header-id-meta":"","stick-header-meta":"","header-above-stick-meta":"","header-main-stick-meta":"","header-below-stick-meta":"","astra-migrate-meta-layouts":"set","ast-page-background-enabled":"default","ast-page-background-meta":{"desktop":{"background-color":"var(--ast-global-color-4)","background-image":"","background-repeat":"repeat","background-position":"center center","background-size":"auto","background-attachment":"scroll","background-type":"","background-media":"","overlay-type":"","overlay-color":"","overlay-opacity":"","overlay-gradient":""},"tablet":{"background-color":"","background-image":"","background-repeat":"repeat","background-position":"center center","background-size":"auto","background-attachment":"scroll","background-type":"","background-media":"","overlay-type":"","overlay-color":"","overlay-opacity":"","overlay-gradient":""},"mobile":{"background-color":"","background-image":"","background-repeat":"repeat","background-position":"center center","background-size":"auto","background-attachment":"scroll","background-type":"","background-media":"","overlay-type":"","overlay-color":"","overlay-opacity":"","overlay-gradient":""}},"ast-content-background-meta":{"desktop":{"background-color":"var(--ast-global-color-5)","background-image":"","background-repeat":"repeat","background-position":"center center","background-size":"auto","background-attachment":"scroll","background-type":"","background-media":"","overlay-type":"","overlay-color":"","overlay-opacity":"","overlay-gradient":""},"tablet":{"background-color":"var(--ast-global-color-5)","background-image":"","background-repeat":"repeat","background-position":"center center","background-size":"auto","background-attachment":"scroll","background-type":"","background-media":"","overlay-type":"","overlay-color":"","overlay-opacity":"","overlay-gradient":""},"mobile":{"background-color":"var(--ast-global-color-5)","background-image":"","background-repeat":"repeat","background-position":"center center","background-size":"auto","background-attachment":"scroll","background-type":"","background-media":"","overlay-type":"","overlay-color":"","overlay-opacity":"","overlay-gradient":""}},"footnotes":""},"categories":[1],"tags":[104,96],"class_list":["post-14709","post","type-post","status-publish","format-standard","has-post-thumbnail","hentry","category-general","tag-infantil","tag-primaria"],"post_mailing_queue_ids":[],"_links":{"self":[{"href":"https:\/\/agora.xtec.cat\/ceippaucasals\/wp-json\/wp\/v2\/posts\/14709","targetHints":{"allow":["GET"]}}],"collection":[{"href":"https:\/\/agora.xtec.cat\/ceippaucasals\/wp-json\/wp\/v2\/posts"}],"about":[{"href":"https:\/\/agora.xtec.cat\/ceippaucasals\/wp-json\/wp\/v2\/types\/post"}],"author":[{"embeddable":true,"href":"https:\/\/agora.xtec.cat\/ceippaucasals\/wp-json\/wp\/v2\/users\/1"}],"replies":[{"embeddable":true,"href":"https:\/\/agora.xtec.cat\/ceippaucasals\/wp-json\/wp\/v2\/comments?post=14709"}],"version-history":[{"count":1,"href":"https:\/\/agora.xtec.cat\/ceippaucasals\/wp-json\/wp\/v2\/posts\/14709\/revisions"}],"predecessor-version":[{"id":14711,"href":"https:\/\/agora.xtec.cat\/ceippaucasals\/wp-json\/wp\/v2\/posts\/14709\/revisions\/14711"}],"wp:featuredmedia":[{"embeddable":true,"href":"https:\/\/agora.xtec.cat\/ceippaucasals\/wp-json\/wp\/v2\/media\/14710"}],"wp:attachment":[{"href":"https:\/\/agora.xtec.cat\/ceippaucasals\/wp-json\/wp\/v2\/media?parent=14709"}],"wp:term":[{"taxonomy":"category","embeddable":true,"href":"https:\/\/agora.xtec.cat\/ceippaucasals\/wp-json\/wp\/v2\/categories?post=14709"},{"taxonomy":"post_tag","embeddable":true,"href":"https:\/\/agora.xtec.cat\/ceippaucasals\/wp-json\/wp\/v2\/tags?post=14709"}],"curies":[{"name":"wp","href":"https:\/\/api.w.org\/{rel}","templated":true}]}}