{"id":14541,"date":"2025-11-28T18:17:24","date_gmt":"2025-11-28T17:17:24","guid":{"rendered":"https:\/\/agora.xtec.cat\/ceippaucasals\/?p=14541"},"modified":"2025-11-28T18:32:19","modified_gmt":"2025-11-28T17:32:19","slug":"14541","status":"publish","type":"post","link":"https:\/\/agora.xtec.cat\/ceippaucasals\/general\/14541\/","title":{"rendered":"LA BIBLIOTECA MUNICIPAL: UN ESPAI DE DIFUSI\u00d3 CULTURAL"},"content":{"rendered":"\n<p>Aquest mes de novembre, l&#8217;alumnat de 6\u00e8  ha fet la seva primera visita a la biblioteca municipal, la que hi havia programada dintre d&#8217;aquest 1r trimestre.<\/p>\n\n\n\n<p>La Laura ens ha mostrat alguns elements d&#8217;estil g\u00f2tic que hi ha dintre d&#8217;aquest edifici, que data en els seus inicis del segle XIV. L&#8217;imponent arc ogival del vest\u00edbul n&#8217;\u00e9s una bona mostra. Altres elements, com les sageteres o espitlleres, en s\u00f3n un altre.<\/p>\n\n\n\n<p>Despr\u00e9s ens han parlat de la pedra seca i de les seves construccions. A Vacarisses n&#8217;hi ha for\u00e7a que estan catalogades i registrades. Conv\u00e9 preservar tot aquest patrimoni i gaudir-lo.<\/p>\n\n\n\n<p>Finalment, la Rosa ens ha explicat un \u00e0lbum il\u00b7lustrat que ens ha perm\u00e8s veure els conflictes b\u00e8l\u00b7lics des d&#8217;una \u00f2ptica diferent, sent els protagonistes els mateixos soldats implicats, que sovint ignorem el perqu\u00e8 de tot plegat.<\/p>\n\n\n\n<p>Per tancar, una estona de pr\u00e9stec i cap a l&#8217;escola. Ben segur que hagu\u00e9ssim allargat l&#8217;estada a la biblioteca&#8230;<\/p>\n\n\n\n<p>Tamb\u00e9 voldria agrair la participaci\u00f3 de les fam\u00edlies que ens han acompanyat.<\/p>\n\n\n\n<p>Ara a veure qu\u00e8 us expliquen els vostres infants<\/p>\n\n\n\n<p><\/p>\n","protected":false},"excerpt":{"rendered":"<p>Aquest mes de novembre, l&#8217;alumnat de 6\u00e8 ha fet la seva primera visita a la biblioteca municipal, la que hi havia programada dintre d&#8217;aquest 1r trimestre. La Laura ens ha mostrat alguns elements d&#8217;estil g\u00f2tic que hi ha dintre d&#8217;aquest edifici, que data en els seus inicis del segle XIV. L&#8217;imponent arc ogival del vest\u00edbul [&hellip;]<\/p>\n","protected":false},"author":22,"featured_media":14540,"comment_status":"open","ping_status":"open","sticky":false,"template":"","format":"standard","meta":{"_bbp_topic_count":0,"_bbp_reply_count":0,"_bbp_total_topic_count":0,"_bbp_total_reply_count":0,"_bbp_voice_count":0,"_bbp_anonymous_reply_count":0,"_bbp_topic_count_hidden":0,"_bbp_reply_count_hidden":0,"_bbp_forum_subforum_count":0,"site-sidebar-layout":"default","site-content-layout":"","ast-site-content-layout":"default","site-content-style":"default","site-sidebar-style":"default","ast-global-header-display":"","ast-banner-title-visibility":"","ast-main-header-display":"","ast-hfb-above-header-display":"","ast-hfb-below-header-display":"","ast-hfb-mobile-header-display":"","site-post-title":"","ast-breadcrumbs-content":"","ast-featured-img":"","footer-sml-layout":"","theme-transparent-header-meta":"","adv-header-id-meta":"","stick-header-meta":"","header-above-stick-meta":"","header-main-stick-meta":"","header-below-stick-meta":"","astra-migrate-meta-layouts":"set","ast-page-background-enabled":"default","ast-page-background-meta":{"desktop":{"background-color":"var(--ast-global-color-4)","background-image":"","background-repeat":"repeat","background-position":"center center","background-size":"auto","background-attachment":"scroll","background-type":"","background-media":"","overlay-type":"","overlay-color":"","overlay-opacity":"","overlay-gradient":""},"tablet":{"background-color":"","background-image":"","background-repeat":"repeat","background-position":"center center","background-size":"auto","background-attachment":"scroll","background-type":"","background-media":"","overlay-type":"","overlay-color":"","overlay-opacity":"","overlay-gradient":""},"mobile":{"background-color":"","background-image":"","background-repeat":"repeat","background-position":"center center","background-size":"auto","background-attachment":"scroll","background-type":"","background-media":"","overlay-type":"","overlay-color":"","overlay-opacity":"","overlay-gradient":""}},"ast-content-background-meta":{"desktop":{"background-color":"var(--ast-global-color-5)","background-image":"","background-repeat":"repeat","background-position":"center center","background-size":"auto","background-attachment":"scroll","background-type":"","background-media":"","overlay-type":"","overlay-color":"","overlay-opacity":"","overlay-gradient":""},"tablet":{"background-color":"var(--ast-global-color-5)","background-image":"","background-repeat":"repeat","background-position":"center center","background-size":"auto","background-attachment":"scroll","background-type":"","background-media":"","overlay-type":"","overlay-color":"","overlay-opacity":"","overlay-gradient":""},"mobile":{"background-color":"var(--ast-global-color-5)","background-image":"","background-repeat":"repeat","background-position":"center center","background-size":"auto","background-attachment":"scroll","background-type":"","background-media":"","overlay-type":"","overlay-color":"","overlay-opacity":"","overlay-gradient":""}},"footnotes":""},"categories":[1],"tags":[27,96],"class_list":["post-14541","post","type-post","status-publish","format-standard","has-post-thumbnail","hentry","category-general","tag-6e","tag-primaria"],"post_mailing_queue_ids":[],"_links":{"self":[{"href":"https:\/\/agora.xtec.cat\/ceippaucasals\/wp-json\/wp\/v2\/posts\/14541","targetHints":{"allow":["GET"]}}],"collection":[{"href":"https:\/\/agora.xtec.cat\/ceippaucasals\/wp-json\/wp\/v2\/posts"}],"about":[{"href":"https:\/\/agora.xtec.cat\/ceippaucasals\/wp-json\/wp\/v2\/types\/post"}],"author":[{"embeddable":true,"href":"https:\/\/agora.xtec.cat\/ceippaucasals\/wp-json\/wp\/v2\/users\/22"}],"replies":[{"embeddable":true,"href":"https:\/\/agora.xtec.cat\/ceippaucasals\/wp-json\/wp\/v2\/comments?post=14541"}],"version-history":[{"count":4,"href":"https:\/\/agora.xtec.cat\/ceippaucasals\/wp-json\/wp\/v2\/posts\/14541\/revisions"}],"predecessor-version":[{"id":14546,"href":"https:\/\/agora.xtec.cat\/ceippaucasals\/wp-json\/wp\/v2\/posts\/14541\/revisions\/14546"}],"wp:featuredmedia":[{"embeddable":true,"href":"https:\/\/agora.xtec.cat\/ceippaucasals\/wp-json\/wp\/v2\/media\/14540"}],"wp:attachment":[{"href":"https:\/\/agora.xtec.cat\/ceippaucasals\/wp-json\/wp\/v2\/media?parent=14541"}],"wp:term":[{"taxonomy":"category","embeddable":true,"href":"https:\/\/agora.xtec.cat\/ceippaucasals\/wp-json\/wp\/v2\/categories?post=14541"},{"taxonomy":"post_tag","embeddable":true,"href":"https:\/\/agora.xtec.cat\/ceippaucasals\/wp-json\/wp\/v2\/tags?post=14541"}],"curies":[{"name":"wp","href":"https:\/\/api.w.org\/{rel}","templated":true}]}}