{"id":14413,"date":"2025-09-30T21:53:47","date_gmt":"2025-09-30T19:53:47","guid":{"rendered":"https:\/\/agora.xtec.cat\/ceippaucasals\/?p=14413"},"modified":"2025-09-30T21:53:47","modified_gmt":"2025-09-30T19:53:47","slug":"el-consell-dels-infants","status":"publish","type":"post","link":"https:\/\/agora.xtec.cat\/ceippaucasals\/general\/el-consell-dels-infants\/","title":{"rendered":"El Consell dels Infants"},"content":{"rendered":"<p><a href=\"https:\/\/agora.xtec.cat\/ceippaucasals\/wp-content\/uploads\/usu990\/2025\/09\/1759251412961-scaled.jpg\"><img loading=\"lazy\" decoding=\"async\" class=\" wp-image-14415 alignright\" src=\"https:\/\/agora.xtec.cat\/ceippaucasals\/wp-content\/uploads\/usu990\/2025\/09\/1759251412961-1024x575.jpg\" alt=\"\" width=\"287\" height=\"161\" srcset=\"https:\/\/agora.xtec.cat\/ceippaucasals\/wp-content\/uploads\/usu990\/2025\/09\/1759251412961-1024x575.jpg 1024w, https:\/\/agora.xtec.cat\/ceippaucasals\/wp-content\/uploads\/usu990\/2025\/09\/1759251412961-300x168.jpg 300w, https:\/\/agora.xtec.cat\/ceippaucasals\/wp-content\/uploads\/usu990\/2025\/09\/1759251412961-768x431.jpg 768w, https:\/\/agora.xtec.cat\/ceippaucasals\/wp-content\/uploads\/usu990\/2025\/09\/1759251412961-1536x862.jpg 1536w, https:\/\/agora.xtec.cat\/ceippaucasals\/wp-content\/uploads\/usu990\/2025\/09\/1759251412961-2048x1150.jpg 2048w\" sizes=\"auto, (max-width: 287px) 100vw, 287px\" \/><\/a>El passat dia 23 de setembre, els grups de cinqu\u00e8 i de sis\u00e8 de l&#8217;escola Pau Casals, vam rebre la visita de la responsable de l&#8217;Ajuntament pel que fa al Consell dels Infants a Vacarisses.<\/p>\n<p>A sis\u00e8 en va fer recordatori i a cinqu\u00e8 va passar una presentaci\u00f3 per explicar als infants el significat d&#8217;aquest consell. Aix\u00ed que, aviat rebreu les butlletes per apuntar-vos els qui vulgueu representar els vostres companys i companyes en el Consell dels Infants. Parleu-ne a casa i mireu quina \u00e9s la vostra disponibilitat. D&#8217;aquesta manera podreu participar i donar les vostres idees perqu\u00e8 Vacarisses sigui m\u00e9s al gust dels m\u00e9s joves.<\/p>\n<p>Equip de CS.<\/p>\n","protected":false},"excerpt":{"rendered":"<p>El passat dia 23 de setembre, els grups de cinqu\u00e8 i de sis\u00e8 de l&#8217;escola Pau Casals, vam rebre la visita de la responsable de l&#8217;Ajuntament pel que fa al Consell dels Infants a Vacarisses. A sis\u00e8 en va fer recordatori i a cinqu\u00e8 va passar una presentaci\u00f3 per explicar als infants el significat d&#8217;aquest [&hellip;]<\/p>\n","protected":false},"author":14,"featured_media":0,"comment_status":"open","ping_status":"open","sticky":false,"template":"","format":"standard","meta":{"_bbp_topic_count":0,"_bbp_reply_count":0,"_bbp_total_topic_count":0,"_bbp_total_reply_count":0,"_bbp_voice_count":0,"_bbp_anonymous_reply_count":0,"_bbp_topic_count_hidden":0,"_bbp_reply_count_hidden":0,"_bbp_forum_subforum_count":0,"site-sidebar-layout":"default","site-content-layout":"","ast-site-content-layout":"","site-content-style":"default","site-sidebar-style":"default","ast-global-header-display":"","ast-banner-title-visibility":"","ast-main-header-display":"","ast-hfb-above-header-display":"","ast-hfb-below-header-display":"","ast-hfb-mobile-header-display":"","site-post-title":"","ast-breadcrumbs-content":"","ast-featured-img":"","footer-sml-layout":"","theme-transparent-header-meta":"","adv-header-id-meta":"","stick-header-meta":"","header-above-stick-meta":"","header-main-stick-meta":"","header-below-stick-meta":"","astra-migrate-meta-layouts":"default","ast-page-background-enabled":"default","ast-page-background-meta":{"desktop":{"background-color":"var(--ast-global-color-4)","background-image":"","background-repeat":"repeat","background-position":"center center","background-size":"auto","background-attachment":"scroll","background-type":"","background-media":"","overlay-type":"","overlay-color":"","overlay-opacity":"","overlay-gradient":""},"tablet":{"background-color":"","background-image":"","background-repeat":"repeat","background-position":"center center","background-size":"auto","background-attachment":"scroll","background-type":"","background-media":"","overlay-type":"","overlay-color":"","overlay-opacity":"","overlay-gradient":""},"mobile":{"background-color":"","background-image":"","background-repeat":"repeat","background-position":"center center","background-size":"auto","background-attachment":"scroll","background-type":"","background-media":"","overlay-type":"","overlay-color":"","overlay-opacity":"","overlay-gradient":""}},"ast-content-background-meta":{"desktop":{"background-color":"var(--ast-global-color-5)","background-image":"","background-repeat":"repeat","background-position":"center center","background-size":"auto","background-attachment":"scroll","background-type":"","background-media":"","overlay-type":"","overlay-color":"","overlay-opacity":"","overlay-gradient":""},"tablet":{"background-color":"var(--ast-global-color-5)","background-image":"","background-repeat":"repeat","background-position":"center center","background-size":"auto","background-attachment":"scroll","background-type":"","background-media":"","overlay-type":"","overlay-color":"","overlay-opacity":"","overlay-gradient":""},"mobile":{"background-color":"var(--ast-global-color-5)","background-image":"","background-repeat":"repeat","background-position":"center center","background-size":"auto","background-attachment":"scroll","background-type":"","background-media":"","overlay-type":"","overlay-color":"","overlay-opacity":"","overlay-gradient":""}},"footnotes":""},"categories":[14,15,1],"tags":[],"class_list":["post-14413","post","type-post","status-publish","format-standard","hentry","category-5e","category-6e","category-general"],"post_mailing_queue_ids":[],"_links":{"self":[{"href":"https:\/\/agora.xtec.cat\/ceippaucasals\/wp-json\/wp\/v2\/posts\/14413","targetHints":{"allow":["GET"]}}],"collection":[{"href":"https:\/\/agora.xtec.cat\/ceippaucasals\/wp-json\/wp\/v2\/posts"}],"about":[{"href":"https:\/\/agora.xtec.cat\/ceippaucasals\/wp-json\/wp\/v2\/types\/post"}],"author":[{"embeddable":true,"href":"https:\/\/agora.xtec.cat\/ceippaucasals\/wp-json\/wp\/v2\/users\/14"}],"replies":[{"embeddable":true,"href":"https:\/\/agora.xtec.cat\/ceippaucasals\/wp-json\/wp\/v2\/comments?post=14413"}],"version-history":[{"count":2,"href":"https:\/\/agora.xtec.cat\/ceippaucasals\/wp-json\/wp\/v2\/posts\/14413\/revisions"}],"predecessor-version":[{"id":14416,"href":"https:\/\/agora.xtec.cat\/ceippaucasals\/wp-json\/wp\/v2\/posts\/14413\/revisions\/14416"}],"wp:attachment":[{"href":"https:\/\/agora.xtec.cat\/ceippaucasals\/wp-json\/wp\/v2\/media?parent=14413"}],"wp:term":[{"taxonomy":"category","embeddable":true,"href":"https:\/\/agora.xtec.cat\/ceippaucasals\/wp-json\/wp\/v2\/categories?post=14413"},{"taxonomy":"post_tag","embeddable":true,"href":"https:\/\/agora.xtec.cat\/ceippaucasals\/wp-json\/wp\/v2\/tags?post=14413"}],"curies":[{"name":"wp","href":"https:\/\/api.w.org\/{rel}","templated":true}]}}