{"id":14322,"date":"2025-04-03T11:24:28","date_gmt":"2025-04-03T09:24:28","guid":{"rendered":"https:\/\/agora.xtec.cat\/ceippaucasals\/?p=14322"},"modified":"2025-04-03T11:24:28","modified_gmt":"2025-04-03T09:24:28","slug":"amb-ritme","status":"publish","type":"post","link":"https:\/\/agora.xtec.cat\/ceippaucasals\/primaria\/1r\/amb-ritme\/","title":{"rendered":"Amb Ritme!"},"content":{"rendered":"<p data-pm-slice=\"1 1 []\">\n<p data-pm-slice=\"1 1 []\">\u00a0 \u00a0 \u00a0 \u00a0 A l&#8217;\u00e0rea de m\u00fasica, els infants de Cicle Inicial treballen el ritme d&#8217;una manera vivencial, fonamentant l&#8217;aprenentatge actiu a trav\u00e9s de l&#8217;experi\u00e8ncia directa.<\/p>\n<p data-pm-slice=\"1 1 []\"><a href=\"https:\/\/agora.xtec.cat\/ceippaucasals\/wp-content\/uploads\/usu990\/2025\/04\/20250402_102721-scaled.jpg\"><img loading=\"lazy\" decoding=\"async\" class=\"wp-image-14323 alignleft\" src=\"https:\/\/agora.xtec.cat\/ceippaucasals\/wp-content\/uploads\/usu990\/2025\/04\/20250402_102721-563x1024.jpg\" alt=\"\" width=\"192\" height=\"349\" srcset=\"https:\/\/agora.xtec.cat\/ceippaucasals\/wp-content\/uploads\/usu990\/2025\/04\/20250402_102721-563x1024.jpg 563w, https:\/\/agora.xtec.cat\/ceippaucasals\/wp-content\/uploads\/usu990\/2025\/04\/20250402_102721-165x300.jpg 165w, https:\/\/agora.xtec.cat\/ceippaucasals\/wp-content\/uploads\/usu990\/2025\/04\/20250402_102721-768x1396.jpg 768w, https:\/\/agora.xtec.cat\/ceippaucasals\/wp-content\/uploads\/usu990\/2025\/04\/20250402_102721-845x1536.jpg 845w, https:\/\/agora.xtec.cat\/ceippaucasals\/wp-content\/uploads\/usu990\/2025\/04\/20250402_102721-1126x2048.jpg 1126w, https:\/\/agora.xtec.cat\/ceippaucasals\/wp-content\/uploads\/usu990\/2025\/04\/20250402_102721-scaled.jpg 1408w\" sizes=\"auto, (max-width: 192px) 100vw, 192px\" \/><\/a>Mitjan\u00e7ant el moviment i els jocs r\u00edtmiques, els nens i nenes experimenten diferents patrons r\u00edtmiques i pulsacions. Aix\u00ed, el cos esdev\u00e9 una eina fonamental per interioritzar el ritme de manera natural i divertida.<\/p>\n<p>Progressivament, aquest treball es complementa amb la introducci\u00f3 de conceptes te\u00f2rics senzills que ajuden a posar nom a les experi\u00e8ncies viscudes. Amb activitats adaptades a la seva edat, els infants aprenen a recon\u00e8ixer figures r\u00edtmiques i a seguir patrons senzills.<\/p>\n<p>D&#8217;aquesta manera, el ritme esdev\u00e9 una viv\u00e8ncia significativa que afavoreix la coordinaci\u00f3, l&#8217;escolta activa i el gaudi de la m\u00fasica des del joc i la descoberta.<a href=\"https:\/\/agora.xtec.cat\/ceippaucasals\/wp-content\/uploads\/usu990\/2025\/04\/20250402_102752-scaled.jpg\"><img loading=\"lazy\" decoding=\"async\" class=\"wp-image-14324 aligncenter\" src=\"https:\/\/agora.xtec.cat\/ceippaucasals\/wp-content\/uploads\/usu990\/2025\/04\/20250402_102752-1024x768.jpg\" alt=\"\" width=\"308\" height=\"231\" srcset=\"https:\/\/agora.xtec.cat\/ceippaucasals\/wp-content\/uploads\/usu990\/2025\/04\/20250402_102752-1024x768.jpg 1024w, https:\/\/agora.xtec.cat\/ceippaucasals\/wp-content\/uploads\/usu990\/2025\/04\/20250402_102752-300x225.jpg 300w, https:\/\/agora.xtec.cat\/ceippaucasals\/wp-content\/uploads\/usu990\/2025\/04\/20250402_102752-768x576.jpg 768w, https:\/\/agora.xtec.cat\/ceippaucasals\/wp-content\/uploads\/usu990\/2025\/04\/20250402_102752-1536x1152.jpg 1536w, https:\/\/agora.xtec.cat\/ceippaucasals\/wp-content\/uploads\/usu990\/2025\/04\/20250402_102752-2048x1536.jpg 2048w, https:\/\/agora.xtec.cat\/ceippaucasals\/wp-content\/uploads\/usu990\/2025\/04\/20250402_102752-200x150.jpg 200w\" sizes=\"auto, (max-width: 308px) 100vw, 308px\" \/><\/a><\/p>\n","protected":false},"excerpt":{"rendered":"<p>\u00a0 \u00a0 \u00a0 \u00a0 A l&#8217;\u00e0rea de m\u00fasica, els infants de Cicle Inicial treballen el ritme d&#8217;una manera vivencial, fonamentant l&#8217;aprenentatge actiu a trav\u00e9s de l&#8217;experi\u00e8ncia directa. Mitjan\u00e7ant el moviment i els jocs r\u00edtmiques, els nens i nenes experimenten diferents patrons r\u00edtmiques i pulsacions. Aix\u00ed, el cos esdev\u00e9 una eina fonamental per interioritzar el ritme [&hellip;]<\/p>\n","protected":false},"author":12,"featured_media":0,"comment_status":"open","ping_status":"closed","sticky":false,"template":"","format":"standard","meta":{"_bbp_topic_count":0,"_bbp_reply_count":0,"_bbp_total_topic_count":0,"_bbp_total_reply_count":0,"_bbp_voice_count":0,"_bbp_anonymous_reply_count":0,"_bbp_topic_count_hidden":0,"_bbp_reply_count_hidden":0,"_bbp_forum_subforum_count":0,"site-sidebar-layout":"default","site-content-layout":"","ast-site-content-layout":"","site-content-style":"default","site-sidebar-style":"default","ast-global-header-display":"","ast-banner-title-visibility":"","ast-main-header-display":"","ast-hfb-above-header-display":"","ast-hfb-below-header-display":"","ast-hfb-mobile-header-display":"","site-post-title":"","ast-breadcrumbs-content":"","ast-featured-img":"","footer-sml-layout":"","theme-transparent-header-meta":"","adv-header-id-meta":"","stick-header-meta":"","header-above-stick-meta":"","header-main-stick-meta":"","header-below-stick-meta":"","astra-migrate-meta-layouts":"default","ast-page-background-enabled":"default","ast-page-background-meta":{"desktop":{"background-color":"var(--ast-global-color-4)","background-image":"","background-repeat":"repeat","background-position":"center center","background-size":"auto","background-attachment":"scroll","background-type":"","background-media":"","overlay-type":"","overlay-color":"","overlay-opacity":"","overlay-gradient":""},"tablet":{"background-color":"","background-image":"","background-repeat":"repeat","background-position":"center center","background-size":"auto","background-attachment":"scroll","background-type":"","background-media":"","overlay-type":"","overlay-color":"","overlay-opacity":"","overlay-gradient":""},"mobile":{"background-color":"","background-image":"","background-repeat":"repeat","background-position":"center center","background-size":"auto","background-attachment":"scroll","background-type":"","background-media":"","overlay-type":"","overlay-color":"","overlay-opacity":"","overlay-gradient":""}},"ast-content-background-meta":{"desktop":{"background-color":"var(--ast-global-color-5)","background-image":"","background-repeat":"repeat","background-position":"center center","background-size":"auto","background-attachment":"scroll","background-type":"","background-media":"","overlay-type":"","overlay-color":"","overlay-opacity":"","overlay-gradient":""},"tablet":{"background-color":"var(--ast-global-color-5)","background-image":"","background-repeat":"repeat","background-position":"center center","background-size":"auto","background-attachment":"scroll","background-type":"","background-media":"","overlay-type":"","overlay-color":"","overlay-opacity":"","overlay-gradient":""},"mobile":{"background-color":"var(--ast-global-color-5)","background-image":"","background-repeat":"repeat","background-position":"center center","background-size":"auto","background-attachment":"scroll","background-type":"","background-media":"","overlay-type":"","overlay-color":"","overlay-opacity":"","overlay-gradient":""}},"footnotes":""},"categories":[10,11,277],"tags":[531,50],"class_list":["post-14322","post","type-post","status-publish","format-standard","hentry","category-1r","category-2n","category-musica","tag-cicle-inicial","tag-musica"],"post_mailing_queue_ids":[],"_links":{"self":[{"href":"https:\/\/agora.xtec.cat\/ceippaucasals\/wp-json\/wp\/v2\/posts\/14322","targetHints":{"allow":["GET"]}}],"collection":[{"href":"https:\/\/agora.xtec.cat\/ceippaucasals\/wp-json\/wp\/v2\/posts"}],"about":[{"href":"https:\/\/agora.xtec.cat\/ceippaucasals\/wp-json\/wp\/v2\/types\/post"}],"author":[{"embeddable":true,"href":"https:\/\/agora.xtec.cat\/ceippaucasals\/wp-json\/wp\/v2\/users\/12"}],"replies":[{"embeddable":true,"href":"https:\/\/agora.xtec.cat\/ceippaucasals\/wp-json\/wp\/v2\/comments?post=14322"}],"version-history":[{"count":1,"href":"https:\/\/agora.xtec.cat\/ceippaucasals\/wp-json\/wp\/v2\/posts\/14322\/revisions"}],"predecessor-version":[{"id":14325,"href":"https:\/\/agora.xtec.cat\/ceippaucasals\/wp-json\/wp\/v2\/posts\/14322\/revisions\/14325"}],"wp:attachment":[{"href":"https:\/\/agora.xtec.cat\/ceippaucasals\/wp-json\/wp\/v2\/media?parent=14322"}],"wp:term":[{"taxonomy":"category","embeddable":true,"href":"https:\/\/agora.xtec.cat\/ceippaucasals\/wp-json\/wp\/v2\/categories?post=14322"},{"taxonomy":"post_tag","embeddable":true,"href":"https:\/\/agora.xtec.cat\/ceippaucasals\/wp-json\/wp\/v2\/tags?post=14322"}],"curies":[{"name":"wp","href":"https:\/\/api.w.org\/{rel}","templated":true}]}}