{"id":14301,"date":"2025-03-06T13:40:47","date_gmt":"2025-03-06T12:40:47","guid":{"rendered":"https:\/\/agora.xtec.cat\/ceippaucasals\/?p=14301"},"modified":"2025-03-06T13:40:47","modified_gmt":"2025-03-06T12:40:47","slug":"carnestoltes-2025-6e-creativitat-i-consciencia-ambiental-a-lescola","status":"publish","type":"post","link":"https:\/\/agora.xtec.cat\/ceippaucasals\/primaria\/carnestoltes-2025-6e-creativitat-i-consciencia-ambiental-a-lescola\/","title":{"rendered":"Carnestoltes 2025 6\u00e8: Creativitat i consci\u00e8ncia ambiental a l\u2019escola"},"content":{"rendered":"<p>A la nostra escola, el Carnestoltes no \u00e9s nom\u00e9s una festa de disfresses i diversi\u00f3, sin\u00f3 tamb\u00e9 una oportunitat per aprendre i reflexionar. Aquest any, partint del nostre tema transversal de <strong>protecci\u00f3 dels ecosistemes<\/strong> i del projecte <strong>&#8220;Qu\u00e8 em passa?&#8221;<\/strong>, l&#8217;alumnat de sis\u00e8 ha fet una gran feina per connectar la celebraci\u00f3 amb un missatge important sobre el medi ambient.<\/p>\n<p>Tot va comen\u00e7ar amb una conversa en qu\u00e8 es van compartir els canvis i inquietuds que viuen els infants de sis\u00e8. D\u2019aqu\u00ed va sorgir una preocupaci\u00f3 concreta: <strong>la brut\u00edcia que trobem als espais comuns<\/strong>, especialment alguns residus \u00edntims llen\u00e7ats sense tenir cura de l\u2019entorn. Aquests residus no nom\u00e9s contaminen, sin\u00f3 que tamb\u00e9 perjudiquen la vegetaci\u00f3, els animals i la conviv\u00e8ncia en comunitat.<\/p>\n<p>Amb aquesta idea com a punt de partida, es va escriure una hist\u00f2ria per representar durant el Carnestoltes, <strong>una hist\u00f2ria de misteri i crim ambiental<\/strong> que posa el focus en la contaminaci\u00f3 i la producci\u00f3 de residus. A m\u00e9s, la inspiraci\u00f3 no es va aturar aqu\u00ed: tamb\u00e9 es va crear una <strong>can\u00e7\u00f3 original<\/strong> per refor\u00e7ar el missatge i fer-lo arribar a tota la comunitat educativa.<\/p>\n<p>A continuaci\u00f3, compartim amb vosaltres tot el treball fet per l\u2019alumnat de sis\u00e8: la hist\u00f2ria, la can\u00e7\u00f3 i els discursos que han preparat per fer d\u2019aquest Carnestoltes una festa plena de consci\u00e8ncia i comprom\u00eds amb el nostre entorn.<\/p>\n<p>Esperem que ho gaudiu tant com nosaltres!<\/p>\n<p><a href=\"https:\/\/agora.xtec.cat\/ceippaucasals\/wp-content\/uploads\/usu990\/2025\/03\/Crim-carnaval.jpg\"><img loading=\"lazy\" decoding=\"async\" class=\"aligncenter size-large wp-image-14302\" src=\"https:\/\/agora.xtec.cat\/ceippaucasals\/wp-content\/uploads\/usu990\/2025\/03\/Crim-carnaval-724x1024.jpg\" alt=\"\" width=\"724\" height=\"1024\" srcset=\"https:\/\/agora.xtec.cat\/ceippaucasals\/wp-content\/uploads\/usu990\/2025\/03\/Crim-carnaval-724x1024.jpg 724w, https:\/\/agora.xtec.cat\/ceippaucasals\/wp-content\/uploads\/usu990\/2025\/03\/Crim-carnaval-212x300.jpg 212w, https:\/\/agora.xtec.cat\/ceippaucasals\/wp-content\/uploads\/usu990\/2025\/03\/Crim-carnaval-768x1086.jpg 768w, https:\/\/agora.xtec.cat\/ceippaucasals\/wp-content\/uploads\/usu990\/2025\/03\/Crim-carnaval-1086x1536.jpg 1086w, https:\/\/agora.xtec.cat\/ceippaucasals\/wp-content\/uploads\/usu990\/2025\/03\/Crim-carnaval.jpg 1414w\" sizes=\"auto, (max-width: 724px) 100vw, 724px\" \/><\/a><\/p>\n<p><a href=\"https:\/\/agora.xtec.cat\/ceippaucasals\/wp-content\/uploads\/usu990\/2025\/03\/Inner-Page.jpg\"><img loading=\"lazy\" decoding=\"async\" class=\"aligncenter wp-image-14303 size-large\" src=\"https:\/\/agora.xtec.cat\/ceippaucasals\/wp-content\/uploads\/usu990\/2025\/03\/Inner-Page-1024x483.jpg\" alt=\"Triptic carnestoltes.\" width=\"1024\" height=\"483\" srcset=\"https:\/\/agora.xtec.cat\/ceippaucasals\/wp-content\/uploads\/usu990\/2025\/03\/Inner-Page-1024x483.jpg 1024w, https:\/\/agora.xtec.cat\/ceippaucasals\/wp-content\/uploads\/usu990\/2025\/03\/Inner-Page-300x141.jpg 300w, https:\/\/agora.xtec.cat\/ceippaucasals\/wp-content\/uploads\/usu990\/2025\/03\/Inner-Page-768x362.jpg 768w, https:\/\/agora.xtec.cat\/ceippaucasals\/wp-content\/uploads\/usu990\/2025\/03\/Inner-Page-1536x724.jpg 1536w, https:\/\/agora.xtec.cat\/ceippaucasals\/wp-content\/uploads\/usu990\/2025\/03\/Inner-Page-2048x966.jpg 2048w\" sizes=\"auto, (max-width: 1024px) 100vw, 1024px\" \/><\/a><\/p>\n<p><a href=\"https:\/\/agora.xtec.cat\/ceippaucasals\/wp-content\/uploads\/usu990\/2025\/03\/Outer-Page.jpg\"><img loading=\"lazy\" decoding=\"async\" class=\"alignleft wp-image-14304 size-large\" src=\"https:\/\/agora.xtec.cat\/ceippaucasals\/wp-content\/uploads\/usu990\/2025\/03\/Outer-Page-1024x483.jpg\" alt=\"\" width=\"1024\" height=\"483\" srcset=\"https:\/\/agora.xtec.cat\/ceippaucasals\/wp-content\/uploads\/usu990\/2025\/03\/Outer-Page-1024x483.jpg 1024w, https:\/\/agora.xtec.cat\/ceippaucasals\/wp-content\/uploads\/usu990\/2025\/03\/Outer-Page-300x141.jpg 300w, https:\/\/agora.xtec.cat\/ceippaucasals\/wp-content\/uploads\/usu990\/2025\/03\/Outer-Page-768x362.jpg 768w, https:\/\/agora.xtec.cat\/ceippaucasals\/wp-content\/uploads\/usu990\/2025\/03\/Outer-Page-1536x724.jpg 1536w, https:\/\/agora.xtec.cat\/ceippaucasals\/wp-content\/uploads\/usu990\/2025\/03\/Outer-Page-2048x966.jpg 2048w\" sizes=\"auto, (max-width: 1024px) 100vw, 1024px\" \/><\/a><\/p>\n<p>&nbsp;<\/p>\n","protected":false},"excerpt":{"rendered":"<p>A la nostra escola, el Carnestoltes no \u00e9s nom\u00e9s una festa de disfresses i diversi\u00f3, sin\u00f3 tamb\u00e9 una oportunitat per aprendre i reflexionar. Aquest any, partint del nostre tema transversal de protecci\u00f3 dels ecosistemes i del projecte &#8220;Qu\u00e8 em passa?&#8221;, l&#8217;alumnat de sis\u00e8 ha fet una gran feina per connectar la celebraci\u00f3 amb un missatge [&hellip;]<\/p>\n","protected":false},"author":54,"featured_media":0,"comment_status":"open","ping_status":"closed","sticky":false,"template":"","format":"standard","meta":{"_bbp_topic_count":0,"_bbp_reply_count":0,"_bbp_total_topic_count":0,"_bbp_total_reply_count":0,"_bbp_voice_count":0,"_bbp_anonymous_reply_count":0,"_bbp_topic_count_hidden":0,"_bbp_reply_count_hidden":0,"_bbp_forum_subforum_count":0,"site-sidebar-layout":"default","site-content-layout":"","ast-site-content-layout":"","site-content-style":"default","site-sidebar-style":"default","ast-global-header-display":"","ast-banner-title-visibility":"","ast-main-header-display":"","ast-hfb-above-header-display":"","ast-hfb-below-header-display":"","ast-hfb-mobile-header-display":"","site-post-title":"","ast-breadcrumbs-content":"","ast-featured-img":"","footer-sml-layout":"","theme-transparent-header-meta":"","adv-header-id-meta":"","stick-header-meta":"","header-above-stick-meta":"","header-main-stick-meta":"","header-below-stick-meta":"","astra-migrate-meta-layouts":"default","ast-page-background-enabled":"default","ast-page-background-meta":{"desktop":{"background-color":"var(--ast-global-color-4)","background-image":"","background-repeat":"repeat","background-position":"center center","background-size":"auto","background-attachment":"scroll","background-type":"","background-media":"","overlay-type":"","overlay-color":"","overlay-opacity":"","overlay-gradient":""},"tablet":{"background-color":"","background-image":"","background-repeat":"repeat","background-position":"center center","background-size":"auto","background-attachment":"scroll","background-type":"","background-media":"","overlay-type":"","overlay-color":"","overlay-opacity":"","overlay-gradient":""},"mobile":{"background-color":"","background-image":"","background-repeat":"repeat","background-position":"center center","background-size":"auto","background-attachment":"scroll","background-type":"","background-media":"","overlay-type":"","overlay-color":"","overlay-opacity":"","overlay-gradient":""}},"ast-content-background-meta":{"desktop":{"background-color":"var(--ast-global-color-5)","background-image":"","background-repeat":"repeat","background-position":"center center","background-size":"auto","background-attachment":"scroll","background-type":"","background-media":"","overlay-type":"","overlay-color":"","overlay-opacity":"","overlay-gradient":""},"tablet":{"background-color":"var(--ast-global-color-5)","background-image":"","background-repeat":"repeat","background-position":"center center","background-size":"auto","background-attachment":"scroll","background-type":"","background-media":"","overlay-type":"","overlay-color":"","overlay-opacity":"","overlay-gradient":""},"mobile":{"background-color":"var(--ast-global-color-5)","background-image":"","background-repeat":"repeat","background-position":"center center","background-size":"auto","background-attachment":"scroll","background-type":"","background-media":"","overlay-type":"","overlay-color":"","overlay-opacity":"","overlay-gradient":""}},"footnotes":""},"categories":[15,5],"tags":[27,211,208,77],"class_list":["post-14301","post","type-post","status-publish","format-standard","hentry","category-6e","category-primaria","tag-6e","tag-carnaval","tag-carnestoltes","tag-festes"],"post_mailing_queue_ids":[],"_links":{"self":[{"href":"https:\/\/agora.xtec.cat\/ceippaucasals\/wp-json\/wp\/v2\/posts\/14301","targetHints":{"allow":["GET"]}}],"collection":[{"href":"https:\/\/agora.xtec.cat\/ceippaucasals\/wp-json\/wp\/v2\/posts"}],"about":[{"href":"https:\/\/agora.xtec.cat\/ceippaucasals\/wp-json\/wp\/v2\/types\/post"}],"author":[{"embeddable":true,"href":"https:\/\/agora.xtec.cat\/ceippaucasals\/wp-json\/wp\/v2\/users\/54"}],"replies":[{"embeddable":true,"href":"https:\/\/agora.xtec.cat\/ceippaucasals\/wp-json\/wp\/v2\/comments?post=14301"}],"version-history":[{"count":2,"href":"https:\/\/agora.xtec.cat\/ceippaucasals\/wp-json\/wp\/v2\/posts\/14301\/revisions"}],"predecessor-version":[{"id":14306,"href":"https:\/\/agora.xtec.cat\/ceippaucasals\/wp-json\/wp\/v2\/posts\/14301\/revisions\/14306"}],"wp:attachment":[{"href":"https:\/\/agora.xtec.cat\/ceippaucasals\/wp-json\/wp\/v2\/media?parent=14301"}],"wp:term":[{"taxonomy":"category","embeddable":true,"href":"https:\/\/agora.xtec.cat\/ceippaucasals\/wp-json\/wp\/v2\/categories?post=14301"},{"taxonomy":"post_tag","embeddable":true,"href":"https:\/\/agora.xtec.cat\/ceippaucasals\/wp-json\/wp\/v2\/tags?post=14301"}],"curies":[{"name":"wp","href":"https:\/\/api.w.org\/{rel}","templated":true}]}}