{"id":14247,"date":"2025-02-09T23:31:19","date_gmt":"2025-02-09T22:31:19","guid":{"rendered":"https:\/\/agora.xtec.cat\/ceippaucasals\/?p=14247"},"modified":"2025-02-09T23:31:19","modified_gmt":"2025-02-09T22:31:19","slug":"dia-escolar-de-la-no-violencia-i-la-pau-2","status":"publish","type":"post","link":"https:\/\/agora.xtec.cat\/ceippaucasals\/infantil\/dia-escolar-de-la-no-violencia-i-la-pau-2\/","title":{"rendered":"Dia Escolar de la no-viol\u00e8ncia i la pau"},"content":{"rendered":"<p>El dia 30 de gener es celebra a les escoles el dia de la no-viol\u00e8ncia i la pau. A l&#8217;escola Pau Casals ha estat una jornada d&#8217;activitats a les aules on s&#8217;han treballar diferents conceptes i din\u00e0miques i s&#8217;han representat de manera pl\u00e0stica a aules i passadissos.<\/p>\n<p>Aquest any 2025, l &#8216;AFA del nostre centre ha organitzat una activitat conjunta que s&#8217;ha dut a terme el dia 31 de gener. Han demanat a la tallerista Nonna Gal\u00ed que ens disseny\u00e9s una mandala que represent\u00e9s el significat d&#8217;aquesta data. La mandala s&#8217;ha pintat a la rampa de l&#8217;escola per part de l&#8217;alumnat de 6\u00e8 i tot l&#8217;alumnat de l&#8217;escola se l&#8217;ha endut a casa pintada en paper.<\/p>\n<p>Han estat dos dies de converses, reflexions, m\u00fasica i arts pl\u00e0stiques que ens han deixat bonics records.<\/p>\n<p><a href=\"https:\/\/agora.xtec.cat\/ceippaucasals\/wp-content\/uploads\/usu990\/2025\/02\/IMG_3575.jpg\"><img loading=\"lazy\" decoding=\"async\" class=\"size-full wp-image-14244 aligncenter\" src=\"https:\/\/agora.xtec.cat\/ceippaucasals\/wp-content\/uploads\/usu990\/2025\/02\/IMG_3575.jpg\" alt=\"\" width=\"640\" height=\"480\" srcset=\"https:\/\/agora.xtec.cat\/ceippaucasals\/wp-content\/uploads\/usu990\/2025\/02\/IMG_3575.jpg 640w, https:\/\/agora.xtec.cat\/ceippaucasals\/wp-content\/uploads\/usu990\/2025\/02\/IMG_3575-300x225.jpg 300w, https:\/\/agora.xtec.cat\/ceippaucasals\/wp-content\/uploads\/usu990\/2025\/02\/IMG_3575-200x150.jpg 200w\" sizes=\"auto, (max-width: 640px) 100vw, 640px\" \/><\/a><\/p>\n","protected":false},"excerpt":{"rendered":"<p>El dia 30 de gener es celebra a les escoles el dia de la no-viol\u00e8ncia i la pau. A l&#8217;escola Pau Casals ha estat una jornada d&#8217;activitats a les aules on s&#8217;han treballar diferents conceptes i din\u00e0miques i s&#8217;han representat de manera pl\u00e0stica a aules i passadissos. Aquest any 2025, l &#8216;AFA del nostre centre [&hellip;]<\/p>\n","protected":false},"author":6,"featured_media":14244,"comment_status":"closed","ping_status":"closed","sticky":false,"template":"","format":"standard","meta":{"_bbp_topic_count":0,"_bbp_reply_count":0,"_bbp_total_topic_count":0,"_bbp_total_reply_count":0,"_bbp_voice_count":0,"_bbp_anonymous_reply_count":0,"_bbp_topic_count_hidden":0,"_bbp_reply_count_hidden":0,"_bbp_forum_subforum_count":0,"site-sidebar-layout":"default","site-content-layout":"","ast-site-content-layout":"","site-content-style":"default","site-sidebar-style":"default","ast-global-header-display":"","ast-banner-title-visibility":"","ast-main-header-display":"","ast-hfb-above-header-display":"","ast-hfb-below-header-display":"","ast-hfb-mobile-header-display":"","site-post-title":"","ast-breadcrumbs-content":"","ast-featured-img":"","footer-sml-layout":"","theme-transparent-header-meta":"","adv-header-id-meta":"","stick-header-meta":"","header-above-stick-meta":"","header-main-stick-meta":"","header-below-stick-meta":"","astra-migrate-meta-layouts":"default","ast-page-background-enabled":"default","ast-page-background-meta":{"desktop":{"background-color":"var(--ast-global-color-4)","background-image":"","background-repeat":"repeat","background-position":"center center","background-size":"auto","background-attachment":"scroll","background-type":"","background-media":"","overlay-type":"","overlay-color":"","overlay-opacity":"","overlay-gradient":""},"tablet":{"background-color":"","background-image":"","background-repeat":"repeat","background-position":"center center","background-size":"auto","background-attachment":"scroll","background-type":"","background-media":"","overlay-type":"","overlay-color":"","overlay-opacity":"","overlay-gradient":""},"mobile":{"background-color":"","background-image":"","background-repeat":"repeat","background-position":"center center","background-size":"auto","background-attachment":"scroll","background-type":"","background-media":"","overlay-type":"","overlay-color":"","overlay-opacity":"","overlay-gradient":""}},"ast-content-background-meta":{"desktop":{"background-color":"var(--ast-global-color-5)","background-image":"","background-repeat":"repeat","background-position":"center center","background-size":"auto","background-attachment":"scroll","background-type":"","background-media":"","overlay-type":"","overlay-color":"","overlay-opacity":"","overlay-gradient":""},"tablet":{"background-color":"var(--ast-global-color-5)","background-image":"","background-repeat":"repeat","background-position":"center center","background-size":"auto","background-attachment":"scroll","background-type":"","background-media":"","overlay-type":"","overlay-color":"","overlay-opacity":"","overlay-gradient":""},"mobile":{"background-color":"var(--ast-global-color-5)","background-image":"","background-repeat":"repeat","background-position":"center center","background-size":"auto","background-attachment":"scroll","background-type":"","background-media":"","overlay-type":"","overlay-color":"","overlay-opacity":"","overlay-gradient":""}},"footnotes":""},"categories":[7,2,4,5],"tags":[95,104,148,96,78],"class_list":["post-14247","post","type-post","status-publish","format-standard","has-post-thumbnail","hentry","category-afa","category-infantil","category-portada","category-primaria","tag-escola","tag-infantil","tag-pau","tag-primaria","tag-tallers"],"post_mailing_queue_ids":[],"_links":{"self":[{"href":"https:\/\/agora.xtec.cat\/ceippaucasals\/wp-json\/wp\/v2\/posts\/14247","targetHints":{"allow":["GET"]}}],"collection":[{"href":"https:\/\/agora.xtec.cat\/ceippaucasals\/wp-json\/wp\/v2\/posts"}],"about":[{"href":"https:\/\/agora.xtec.cat\/ceippaucasals\/wp-json\/wp\/v2\/types\/post"}],"author":[{"embeddable":true,"href":"https:\/\/agora.xtec.cat\/ceippaucasals\/wp-json\/wp\/v2\/users\/6"}],"replies":[{"embeddable":true,"href":"https:\/\/agora.xtec.cat\/ceippaucasals\/wp-json\/wp\/v2\/comments?post=14247"}],"version-history":[{"count":1,"href":"https:\/\/agora.xtec.cat\/ceippaucasals\/wp-json\/wp\/v2\/posts\/14247\/revisions"}],"predecessor-version":[{"id":14248,"href":"https:\/\/agora.xtec.cat\/ceippaucasals\/wp-json\/wp\/v2\/posts\/14247\/revisions\/14248"}],"wp:featuredmedia":[{"embeddable":true,"href":"https:\/\/agora.xtec.cat\/ceippaucasals\/wp-json\/wp\/v2\/media\/14244"}],"wp:attachment":[{"href":"https:\/\/agora.xtec.cat\/ceippaucasals\/wp-json\/wp\/v2\/media?parent=14247"}],"wp:term":[{"taxonomy":"category","embeddable":true,"href":"https:\/\/agora.xtec.cat\/ceippaucasals\/wp-json\/wp\/v2\/categories?post=14247"},{"taxonomy":"post_tag","embeddable":true,"href":"https:\/\/agora.xtec.cat\/ceippaucasals\/wp-json\/wp\/v2\/tags?post=14247"}],"curies":[{"name":"wp","href":"https:\/\/api.w.org\/{rel}","templated":true}]}}