{"id":14211,"date":"2025-01-23T13:18:06","date_gmt":"2025-01-23T12:18:06","guid":{"rendered":"https:\/\/agora.xtec.cat\/ceippaucasals\/?p=14211"},"modified":"2025-01-23T13:18:06","modified_gmt":"2025-01-23T12:18:06","slug":"visita-al-ctr-valles","status":"publish","type":"post","link":"https:\/\/agora.xtec.cat\/ceippaucasals\/primaria\/visita-al-ctr-valles\/","title":{"rendered":"VISITA AL CTR-Vall\u00e8s"},"content":{"rendered":"<p data-pm-slice=\"1 1 []\">Aquest mat\u00ed, l&#8217;alumnat de 5\u00e8 ha visitat el Centre de Tractament de Residus del Vall\u00e8s.<\/p>\n<p>El Centre de Tractament de Residus del Vall\u00e8s Occidental, CTR-Vall\u00e8s, \u00e9s la instal\u00b7laci\u00f3 que permet tractar la fracci\u00f3 RESTA de la comarca.<\/p>\n<p>Situat al terme municipal de Vacarisses, el CTR-Vall\u00e8s rep els residus que no s\u2019han separat en els contenidors de recollida selectiva. <strong><u>S\u00f3n residus barrejats<\/u><\/strong> que encara contenen materials recuperables.<\/p>\n<p>En el Centre es tracten amb l\u2019objectiu de recuperar el m\u00e0xim de materials aprofitables abans que els residus vagin a dip\u00f2sit i reduir l\u2019impacte que a<a href=\"https:\/\/agora.xtec.cat\/ceippaucasals\/wp-content\/uploads\/usu990\/2025\/01\/CRTV-2.jpeg\"><img loading=\"lazy\" decoding=\"async\" class=\"wp-image-14213 alignright\" src=\"https:\/\/agora.xtec.cat\/ceippaucasals\/wp-content\/uploads\/usu990\/2025\/01\/CRTV-2-1024x768.jpeg\" alt=\"\" width=\"479\" height=\"359\" srcset=\"https:\/\/agora.xtec.cat\/ceippaucasals\/wp-content\/uploads\/usu990\/2025\/01\/CRTV-2-1024x768.jpeg 1024w, https:\/\/agora.xtec.cat\/ceippaucasals\/wp-content\/uploads\/usu990\/2025\/01\/CRTV-2-300x225.jpeg 300w, https:\/\/agora.xtec.cat\/ceippaucasals\/wp-content\/uploads\/usu990\/2025\/01\/CRTV-2-768x576.jpeg 768w, https:\/\/agora.xtec.cat\/ceippaucasals\/wp-content\/uploads\/usu990\/2025\/01\/CRTV-2-1536x1152.jpeg 1536w, https:\/\/agora.xtec.cat\/ceippaucasals\/wp-content\/uploads\/usu990\/2025\/01\/CRTV-2-200x150.jpeg 200w, https:\/\/agora.xtec.cat\/ceippaucasals\/wp-content\/uploads\/usu990\/2025\/01\/CRTV-2.jpeg 1600w\" sizes=\"auto, (max-width: 479px) 100vw, 479px\" \/><\/a>quests tenen sobre el medi ambient.<\/p>\n<p>Amb aquesta visita, l&#8217;alumnat pot visualitzar el proc\u00e9s de tractament dels residus i entendre el funcionament d\u2019un servei b\u00e0sic de la societat actual.<\/p>\n<p><strong>OBJECTIUS<\/strong><\/p>\n<ul>\n<li>Donar a con\u00e8ixer quin \u00e9s el proc\u00e9s que viuen els residus despr\u00e9s de la seva recollida.<\/li>\n<li>Comprendre quin \u00e9s el dest\u00ed i el tractament de cada tipus de residu.<\/li>\n<li>Sensibilitzar sobre la import\u00e0ncia de la reducci\u00f3 i la correcta separaci\u00f3 dels residus a les llars.<\/li>\n<li>Con\u00e8ixer les instal\u00b7lacions de tractament de residus de la comarca.<\/li>\n<\/ul>\n<p>Una visita imprescindible per tal d&#8217;arribar a informar, entendre i sensibilitzar vers la correcta selecci\u00f3 i classificaci\u00f3 de les deixalles que generem.<\/p>\n<p>Ha agradat for\u00e7a, a excepci\u00f3 de l&#8217;olor: veure qu\u00e8 s&#8217;hi fa, la infraestructura que defineix l&#8217;edifici, la maquin\u00e0ria, el recorregut per les instal\u00b7lacions, el taller. Ara caldr\u00e0 que a casa expliquin el que han viscut durant aquesta jornada matinal.<\/p>\n<p><a href=\"https:\/\/agora.xtec.cat\/ceippaucasals\/wp-content\/uploads\/usu990\/2025\/01\/CTRV-1.jpeg\"><img loading=\"lazy\" decoding=\"async\" class=\"wp-image-14214 aligncenter\" src=\"https:\/\/agora.xtec.cat\/ceippaucasals\/wp-content\/uploads\/usu990\/2025\/01\/CTRV-1-1024x768.jpeg\" alt=\"\" width=\"751\" height=\"563\" srcset=\"https:\/\/agora.xtec.cat\/ceippaucasals\/wp-content\/uploads\/usu990\/2025\/01\/CTRV-1-1024x768.jpeg 1024w, https:\/\/agora.xtec.cat\/ceippaucasals\/wp-content\/uploads\/usu990\/2025\/01\/CTRV-1-300x225.jpeg 300w, https:\/\/agora.xtec.cat\/ceippaucasals\/wp-content\/uploads\/usu990\/2025\/01\/CTRV-1-768x576.jpeg 768w, https:\/\/agora.xtec.cat\/ceippaucasals\/wp-content\/uploads\/usu990\/2025\/01\/CTRV-1-1536x1152.jpeg 1536w, https:\/\/agora.xtec.cat\/ceippaucasals\/wp-content\/uploads\/usu990\/2025\/01\/CTRV-1-200x150.jpeg 200w, https:\/\/agora.xtec.cat\/ceippaucasals\/wp-content\/uploads\/usu990\/2025\/01\/CTRV-1.jpeg 1600w\" sizes=\"auto, (max-width: 751px) 100vw, 751px\" \/><\/a><\/p>\n","protected":false},"excerpt":{"rendered":"<p>Aquest mat\u00ed, l&#8217;alumnat de 5\u00e8 ha visitat el Centre de Tractament de Residus del Vall\u00e8s. El Centre de Tractament de Residus del Vall\u00e8s Occidental, CTR-Vall\u00e8s, \u00e9s la instal\u00b7laci\u00f3 que permet tractar la fracci\u00f3 RESTA de la comarca. Situat al terme municipal de Vacarisses, el CTR-Vall\u00e8s rep els residus que no s\u2019han separat en els contenidors [&hellip;]<\/p>\n","protected":false},"author":22,"featured_media":14212,"comment_status":"open","ping_status":"closed","sticky":false,"template":"","format":"standard","meta":{"_bbp_topic_count":0,"_bbp_reply_count":0,"_bbp_total_topic_count":0,"_bbp_total_reply_count":0,"_bbp_voice_count":0,"_bbp_anonymous_reply_count":0,"_bbp_topic_count_hidden":0,"_bbp_reply_count_hidden":0,"_bbp_forum_subforum_count":0,"site-sidebar-layout":"default","site-content-layout":"","ast-site-content-layout":"","site-content-style":"default","site-sidebar-style":"default","ast-global-header-display":"","ast-banner-title-visibility":"","ast-main-header-display":"","ast-hfb-above-header-display":"","ast-hfb-below-header-display":"","ast-hfb-mobile-header-display":"","site-post-title":"","ast-breadcrumbs-content":"","ast-featured-img":"","footer-sml-layout":"","theme-transparent-header-meta":"","adv-header-id-meta":"","stick-header-meta":"","header-above-stick-meta":"","header-main-stick-meta":"","header-below-stick-meta":"","astra-migrate-meta-layouts":"default","ast-page-background-enabled":"default","ast-page-background-meta":{"desktop":{"background-color":"var(--ast-global-color-4)","background-image":"","background-repeat":"repeat","background-position":"center center","background-size":"auto","background-attachment":"scroll","background-type":"","background-media":"","overlay-type":"","overlay-color":"","overlay-opacity":"","overlay-gradient":""},"tablet":{"background-color":"","background-image":"","background-repeat":"repeat","background-position":"center center","background-size":"auto","background-attachment":"scroll","background-type":"","background-media":"","overlay-type":"","overlay-color":"","overlay-opacity":"","overlay-gradient":""},"mobile":{"background-color":"","background-image":"","background-repeat":"repeat","background-position":"center center","background-size":"auto","background-attachment":"scroll","background-type":"","background-media":"","overlay-type":"","overlay-color":"","overlay-opacity":"","overlay-gradient":""}},"ast-content-background-meta":{"desktop":{"background-color":"var(--ast-global-color-5)","background-image":"","background-repeat":"repeat","background-position":"center center","background-size":"auto","background-attachment":"scroll","background-type":"","background-media":"","overlay-type":"","overlay-color":"","overlay-opacity":"","overlay-gradient":""},"tablet":{"background-color":"var(--ast-global-color-5)","background-image":"","background-repeat":"repeat","background-position":"center center","background-size":"auto","background-attachment":"scroll","background-type":"","background-media":"","overlay-type":"","overlay-color":"","overlay-opacity":"","overlay-gradient":""},"mobile":{"background-color":"var(--ast-global-color-5)","background-image":"","background-repeat":"repeat","background-position":"center center","background-size":"auto","background-attachment":"scroll","background-type":"","background-media":"","overlay-type":"","overlay-color":"","overlay-opacity":"","overlay-gradient":""}},"footnotes":""},"categories":[14,5],"tags":[26,82,407],"class_list":["post-14211","post","type-post","status-publish","format-standard","has-post-thumbnail","hentry","category-5e","category-primaria","tag-5e","tag-escola-verda","tag-habits-saludables"],"post_mailing_queue_ids":[],"_links":{"self":[{"href":"https:\/\/agora.xtec.cat\/ceippaucasals\/wp-json\/wp\/v2\/posts\/14211","targetHints":{"allow":["GET"]}}],"collection":[{"href":"https:\/\/agora.xtec.cat\/ceippaucasals\/wp-json\/wp\/v2\/posts"}],"about":[{"href":"https:\/\/agora.xtec.cat\/ceippaucasals\/wp-json\/wp\/v2\/types\/post"}],"author":[{"embeddable":true,"href":"https:\/\/agora.xtec.cat\/ceippaucasals\/wp-json\/wp\/v2\/users\/22"}],"replies":[{"embeddable":true,"href":"https:\/\/agora.xtec.cat\/ceippaucasals\/wp-json\/wp\/v2\/comments?post=14211"}],"version-history":[{"count":1,"href":"https:\/\/agora.xtec.cat\/ceippaucasals\/wp-json\/wp\/v2\/posts\/14211\/revisions"}],"predecessor-version":[{"id":14215,"href":"https:\/\/agora.xtec.cat\/ceippaucasals\/wp-json\/wp\/v2\/posts\/14211\/revisions\/14215"}],"wp:featuredmedia":[{"embeddable":true,"href":"https:\/\/agora.xtec.cat\/ceippaucasals\/wp-json\/wp\/v2\/media\/14212"}],"wp:attachment":[{"href":"https:\/\/agora.xtec.cat\/ceippaucasals\/wp-json\/wp\/v2\/media?parent=14211"}],"wp:term":[{"taxonomy":"category","embeddable":true,"href":"https:\/\/agora.xtec.cat\/ceippaucasals\/wp-json\/wp\/v2\/categories?post=14211"},{"taxonomy":"post_tag","embeddable":true,"href":"https:\/\/agora.xtec.cat\/ceippaucasals\/wp-json\/wp\/v2\/tags?post=14211"}],"curies":[{"name":"wp","href":"https:\/\/api.w.org\/{rel}","templated":true}]}}