{"id":14190,"date":"2024-12-19T11:13:52","date_gmt":"2024-12-19T10:13:52","guid":{"rendered":"https:\/\/agora.xtec.cat\/ceippaucasals\/?p=14190"},"modified":"2024-12-19T11:17:19","modified_gmt":"2024-12-19T10:17:19","slug":"incorporem-el-recurs-siei-a-la-nostra-escola","status":"publish","type":"post","link":"https:\/\/agora.xtec.cat\/ceippaucasals\/infantil\/incorporem-el-recurs-siei-a-la-nostra-escola\/","title":{"rendered":"Incorporem el recurs SIEI\u00a0 a l&#8217;escola"},"content":{"rendered":"<p>Benvolguts\/des,<\/p>\n<p>Aquest curs, la nostra escola ha incorporat el recurs de Suport Intensiu per a l\u2019Escolaritzaci\u00f3 Inclusiva (SIEI). Es tracta d\u2019un recurs especialitzat, format per una mestra de Pedagogia Terap\u00e8utica i una Educadora, destinat a donar suport a l\u2019alumnat amb necessitats educatives especials, promovent una educaci\u00f3 inclusiva i adaptada a les caracter\u00edstiques de cada infant. L\u2019objectiu principal del SIEI \u00e9s garantir que tots els alumnes tinguin les mateixes oportunitats d\u2019aprenentatge i desenvolupament personal.<\/p>\n<p>El treball del SIEI combina suport en les activitats a l\u2019aula ordin\u00e0ria, on els infants comparteixen experi\u00e8ncies i aprenentatges amb els seus companys, amb moments a l\u2019aula estrella, un espai espec\u00edfic destinat al treball individualitzat. Aquest espai permet atendre les necessitats espec\u00edfiques de cada nen o nena, treballant aspectes com l\u2019autonomia, la regulaci\u00f3 emocional, la lectoescriptura, entre d&#8217;altres.<\/p>\n<p>La inclusi\u00f3 \u00e9s un valor clau de la nostra escola. Fomentar la conviv\u00e8ncia i el respecte entre tot l\u2019alumnat no nom\u00e9s \u00e9s benefici\u00f3s per a l\u2019alumnat que rep el suport, sin\u00f3 que tamb\u00e9 enriqueix la comunitat educativa en el seu conjunt.<\/p>\n<p>A l\u2019escola volem assegurar un entorn on tothom hi tingui cabuda!<\/p>\n<p>Equip de Pedagogia Terap\u00e8utica<\/p>\n<p>&nbsp;<\/p>\n<p><a href=\"https:\/\/agora.xtec.cat\/ceippaucasals\/wp-content\/uploads\/usu990\/2024\/12\/flat-lay-colorful-pawns-white-background-scaled.jpg\"><img loading=\"lazy\" decoding=\"async\" class=\"alignnone size-thumbnail wp-image-14191\" src=\"https:\/\/agora.xtec.cat\/ceippaucasals\/wp-content\/uploads\/usu990\/2024\/12\/flat-lay-colorful-pawns-white-background-150x150.jpg\" alt=\"\" width=\"150\" height=\"150\" \/><\/a><\/p>\n<p>&nbsp;<\/p>\n","protected":false},"excerpt":{"rendered":"<p>Benvolguts\/des, Aquest curs, la nostra escola ha incorporat el recurs de Suport Intensiu per a l\u2019Escolaritzaci\u00f3 Inclusiva (SIEI). Es tracta d\u2019un recurs especialitzat, format per una mestra de Pedagogia Terap\u00e8utica i una Educadora, destinat a donar suport a l\u2019alumnat amb necessitats educatives especials, promovent una educaci\u00f3 inclusiva i adaptada a les caracter\u00edstiques de cada infant. [&hellip;]<\/p>\n","protected":false},"author":1,"featured_media":14191,"comment_status":"open","ping_status":"closed","sticky":false,"template":"","format":"standard","meta":{"_bbp_topic_count":0,"_bbp_reply_count":0,"_bbp_total_topic_count":0,"_bbp_total_reply_count":0,"_bbp_voice_count":0,"_bbp_anonymous_reply_count":0,"_bbp_topic_count_hidden":0,"_bbp_reply_count_hidden":0,"_bbp_forum_subforum_count":0,"site-sidebar-layout":"default","site-content-layout":"","ast-site-content-layout":"","site-content-style":"default","site-sidebar-style":"default","ast-global-header-display":"","ast-banner-title-visibility":"","ast-main-header-display":"","ast-hfb-above-header-display":"","ast-hfb-below-header-display":"","ast-hfb-mobile-header-display":"","site-post-title":"","ast-breadcrumbs-content":"","ast-featured-img":"","footer-sml-layout":"","theme-transparent-header-meta":"","adv-header-id-meta":"","stick-header-meta":"","header-above-stick-meta":"","header-main-stick-meta":"","header-below-stick-meta":"","astra-migrate-meta-layouts":"default","ast-page-background-enabled":"default","ast-page-background-meta":{"desktop":{"background-color":"var(--ast-global-color-4)","background-image":"","background-repeat":"repeat","background-position":"center center","background-size":"auto","background-attachment":"scroll","background-type":"","background-media":"","overlay-type":"","overlay-color":"","overlay-opacity":"","overlay-gradient":""},"tablet":{"background-color":"","background-image":"","background-repeat":"repeat","background-position":"center center","background-size":"auto","background-attachment":"scroll","background-type":"","background-media":"","overlay-type":"","overlay-color":"","overlay-opacity":"","overlay-gradient":""},"mobile":{"background-color":"","background-image":"","background-repeat":"repeat","background-position":"center center","background-size":"auto","background-attachment":"scroll","background-type":"","background-media":"","overlay-type":"","overlay-color":"","overlay-opacity":"","overlay-gradient":""}},"ast-content-background-meta":{"desktop":{"background-color":"var(--ast-global-color-5)","background-image":"","background-repeat":"repeat","background-position":"center center","background-size":"auto","background-attachment":"scroll","background-type":"","background-media":"","overlay-type":"","overlay-color":"","overlay-opacity":"","overlay-gradient":""},"tablet":{"background-color":"var(--ast-global-color-5)","background-image":"","background-repeat":"repeat","background-position":"center center","background-size":"auto","background-attachment":"scroll","background-type":"","background-media":"","overlay-type":"","overlay-color":"","overlay-opacity":"","overlay-gradient":""},"mobile":{"background-color":"var(--ast-global-color-5)","background-image":"","background-repeat":"repeat","background-position":"center center","background-size":"auto","background-attachment":"scroll","background-type":"","background-media":"","overlay-type":"","overlay-color":"","overlay-opacity":"","overlay-gradient":""}},"footnotes":""},"categories":[10,11,12,13,14,15,2,3,8,9,5],"tags":[501,521],"class_list":["post-14190","post","type-post","status-publish","format-standard","has-post-thumbnail","hentry","category-1r","category-2n","category-3r","category-4t","category-5e","category-6e","category-infantil","category-p3","category-p4","category-p5","category-primaria","tag-pedagogia-terapeutica","tag-suport-inclusiu"],"post_mailing_queue_ids":[],"_links":{"self":[{"href":"https:\/\/agora.xtec.cat\/ceippaucasals\/wp-json\/wp\/v2\/posts\/14190","targetHints":{"allow":["GET"]}}],"collection":[{"href":"https:\/\/agora.xtec.cat\/ceippaucasals\/wp-json\/wp\/v2\/posts"}],"about":[{"href":"https:\/\/agora.xtec.cat\/ceippaucasals\/wp-json\/wp\/v2\/types\/post"}],"author":[{"embeddable":true,"href":"https:\/\/agora.xtec.cat\/ceippaucasals\/wp-json\/wp\/v2\/users\/1"}],"replies":[{"embeddable":true,"href":"https:\/\/agora.xtec.cat\/ceippaucasals\/wp-json\/wp\/v2\/comments?post=14190"}],"version-history":[{"count":2,"href":"https:\/\/agora.xtec.cat\/ceippaucasals\/wp-json\/wp\/v2\/posts\/14190\/revisions"}],"predecessor-version":[{"id":14193,"href":"https:\/\/agora.xtec.cat\/ceippaucasals\/wp-json\/wp\/v2\/posts\/14190\/revisions\/14193"}],"wp:featuredmedia":[{"embeddable":true,"href":"https:\/\/agora.xtec.cat\/ceippaucasals\/wp-json\/wp\/v2\/media\/14191"}],"wp:attachment":[{"href":"https:\/\/agora.xtec.cat\/ceippaucasals\/wp-json\/wp\/v2\/media?parent=14190"}],"wp:term":[{"taxonomy":"category","embeddable":true,"href":"https:\/\/agora.xtec.cat\/ceippaucasals\/wp-json\/wp\/v2\/categories?post=14190"},{"taxonomy":"post_tag","embeddable":true,"href":"https:\/\/agora.xtec.cat\/ceippaucasals\/wp-json\/wp\/v2\/tags?post=14190"}],"curies":[{"name":"wp","href":"https:\/\/api.w.org\/{rel}","templated":true}]}}