{"id":14180,"date":"2024-12-18T20:09:32","date_gmt":"2024-12-18T19:09:32","guid":{"rendered":"https:\/\/agora.xtec.cat\/ceippaucasals\/?p=14180"},"modified":"2024-12-19T00:21:41","modified_gmt":"2024-12-18T23:21:41","slug":"les-notes-deducacio-fisica","status":"publish","type":"post","link":"https:\/\/agora.xtec.cat\/ceippaucasals\/general\/les-notes-deducacio-fisica\/","title":{"rendered":"Les notes d&#8217;Educaci\u00f3 F\u00edsica"},"content":{"rendered":"<p>Aquesta not\u00edcia pret\u00e9n ser un escrit per tota la comunitat educativa: mestres, educadors, infants i fam\u00edlies, per tal de conscienciar de qu\u00e8 vol dir l&#8217;\u00e0rea &#8220;Educaci\u00f3 F\u00edsica&#8221; i qu\u00e8 implica la seva avaluaci\u00f3 i les seves notes acad\u00e8miques.<\/p>\n<p>L&#8217;Educaci\u00f3 F\u00edsica cont\u00e9 la paraula EDUCACI\u00d3. Cal remarcar aquesta obvietat que sempre se&#8217;ns oblida. \u00c9s un \u00e0rea que forma part del Curr\u00edculum educatiu que t\u00e9 l&#8217;objectiu de cobrir tots els aspectes d&#8217;una persona: La part cognitiva o mental, la part social, la part afectiva-emocional i la part f\u00edsica o motriu. Com diu el Curr\u00edculum actual, l&#8217;Educaci\u00f3 F\u00edsica &#8220;ha de contribuir al desenvolupament integral de l\u2019alumnat emprant el cos i el moviment com a mitjans prioritaris i fonamentals&#8221;.<\/p>\n<p><a href=\"https:\/\/agora.xtec.cat\/ceippaucasals\/general\/les-notes-deducacio-fisica\/attachment\/sector-educacio-fisica-integral\/\" rel=\"attachment wp-att-14185\"><img loading=\"lazy\" decoding=\"async\" class=\"aligncenter wp-image-14185\" src=\"https:\/\/agora.xtec.cat\/ceippaucasals\/wp-content\/uploads\/usu990\/2024\/12\/Sector-Educacio-Fisica-Integral.png\" alt=\"\" width=\"336\" height=\"379\" srcset=\"https:\/\/agora.xtec.cat\/ceippaucasals\/wp-content\/uploads\/usu990\/2024\/12\/Sector-Educacio-Fisica-Integral.png 576w, https:\/\/agora.xtec.cat\/ceippaucasals\/wp-content\/uploads\/usu990\/2024\/12\/Sector-Educacio-Fisica-Integral-266x300.png 266w\" sizes=\"auto, (max-width: 336px) 100vw, 336px\" \/><\/a><\/p>\n<p>Per tant, la seva avaluaci\u00f3 ha d&#8217;anar en la mateixa direcci\u00f3. No t\u00e9 cap sentit pensar que l&#8217;avaluaci\u00f3 de l&#8217;Educaci\u00f3 F\u00edsica nom\u00e9s es centrar\u00e0 en l&#8217;\u00e0mbit f\u00edsic. Les escoles formen a persones de forma integral, no s\u00f3n cap Club Esportiu, ni cap Acad\u00e8mia d&#8217;Alt rendiment on \u00fanicament es valora la seva execuci\u00f3 motriu. Per tant, de cap manera es pot pensar que infants molt r\u00e0pids corrent, amb molta flexibilitat o molt bons en un esport determinat, de forma indefectible van a tenir per sempre una bona &#8220;nota&#8221; d&#8217;Educaci\u00f3 F\u00edsica.<\/p>\n<p>Per altra banda, l&#8217;Educaci\u00f3 F\u00edsica actual es desenvolupa a trav\u00e9s de Situacions d&#8217;Aprenentatge, les quals tenen un marc de cinc compet\u00e8ncies espec\u00edfiques que els alumnes han d&#8217;adquirir. S\u00f3n aquestes:<\/p>\n<table>\n<tbody>\n<tr>\n<td><b>Compet\u00e8ncia espec\u00edfica 1 <\/b><b>\ud83e\udc6a<\/b><span style=\"font-weight: 400\"> Resoldre situacions motrius diverses de forma efica\u00e7 i creativa, articulant capacitats i habilitats motrius per a donar resposta a projectes i pr\u00e0ctiques d\u2019activitats f\u00edsiques de la vida quotidiana.\u00a0<\/span><\/td>\n<\/tr>\n<tr>\n<td><b>Compet\u00e8ncia espec\u00edfica 2 <\/b><b>\ud83e\udc6a<\/b> <span style=\"font-weight: 400\">Desenvolupar un estil de vida actiu i saludable, incorporant la pr\u00e0ctica habitual d\u2019activitats f\u00edsiques i altres comportaments beneficiosos per a la salut durant la vida quotidiana per a adquirir h\u00e0bits que contribueixin al benestar f\u00edsic, mental i social.\u00a0<\/span><\/td>\n<\/tr>\n<tr>\n<td><b>Compet\u00e8ncia espec\u00edfica 3 <\/b><b>\ud83e\udc6a<\/b> <span style=\"font-weight: 400\">Prendre part en activitats motrius individuals i col\u00b7lectives, de joc i d\u2019expressi\u00f3 i comunicaci\u00f3 corporal per a integrar-les en el repertori motriu i afavorir les relacions interpersonals.<\/span><\/td>\n<\/tr>\n<tr>\n<td><b>Compet\u00e8ncia espec\u00edfica 4 <\/b><b>\ud83e\udc6a<\/b> <span style=\"font-weight: 400\">Valorar l\u2019entorn com a espai de pr\u00e0ctica d\u2019activitats f\u00edsiques i d\u2019ocupaci\u00f3 del temps de lleure, utilizant-lo de manera respectuosa i responsable per a participar per la seva conservaci\u00f3 i millora.\u00a0<\/span><\/td>\n<\/tr>\n<tr>\n<td><b>Compet\u00e8ncia espec\u00edfica 5 <\/b><b>\ud83e\udc6a<\/b> <span style=\"font-weight: 400\">Mostrar comportaments i actituds emp\u00e0tiques i inclusives en la pr\u00e0ctica d\u2019activitats f\u00edsiques, emprant habilitats socials i processos d\u2019autoregulaci\u00f3 per a fomentar la conviv\u00e8ncia.<\/span><\/td>\n<\/tr>\n<\/tbody>\n<\/table>\n<p>Si la &#8220;nota&#8221; en l&#8217;informe indica &#8220;Assoliment Satisfactori&#8221; vol dir que aquelles compet\u00e8ncies que s&#8217;han practicat durant el trimestre estan assolides. En aquest cas, \u00e9s una molt bona not\u00edcia tant per mestres, infants, com per fam\u00edlies tenir alumnes competents. Perqu\u00e8 vol dir que el proc\u00e9s educatiu s&#8217;ha dut a terme amb \u00e8xit.<\/p>\n<p>Entenem que, on s&#8217;han de posar tots els esfor\u00e7os, recursos i preocupacions escolars i familiars \u00e9s quan es presenten situacions on les compet\u00e8ncies no s&#8217;han assolit &#8220;NA&#8221;.<\/p>\n<p>Volem acabar aquest relat amb les tres implicacions que comporta la paraula EDUCACI\u00d3:<\/p>\n<ul>\n<li>Saber SER.<\/li>\n<li>Saber ESTAR.<\/li>\n<li>Saber FER.<\/li>\n<\/ul>\n","protected":false},"excerpt":{"rendered":"<p>Aquesta not\u00edcia pret\u00e9n ser un escrit per tota la comunitat educativa: mestres, educadors, infants i fam\u00edlies, per tal de conscienciar de qu\u00e8 vol dir l&#8217;\u00e0rea &#8220;Educaci\u00f3 F\u00edsica&#8221; i qu\u00e8 implica la seva avaluaci\u00f3 i les seves notes acad\u00e8miques. L&#8217;Educaci\u00f3 F\u00edsica cont\u00e9 la paraula EDUCACI\u00d3. Cal remarcar aquesta obvietat que sempre se&#8217;ns oblida. \u00c9s un \u00e0rea [&hellip;]<\/p>\n","protected":false},"author":4,"featured_media":14185,"comment_status":"closed","ping_status":"closed","sticky":false,"template":"","format":"standard","meta":{"_bbp_topic_count":0,"_bbp_reply_count":0,"_bbp_total_topic_count":0,"_bbp_total_reply_count":0,"_bbp_voice_count":0,"_bbp_anonymous_reply_count":0,"_bbp_topic_count_hidden":0,"_bbp_reply_count_hidden":0,"_bbp_forum_subforum_count":0,"site-sidebar-layout":"default","site-content-layout":"","ast-site-content-layout":"","site-content-style":"default","site-sidebar-style":"default","ast-global-header-display":"","ast-banner-title-visibility":"","ast-main-header-display":"","ast-hfb-above-header-display":"","ast-hfb-below-header-display":"","ast-hfb-mobile-header-display":"","site-post-title":"","ast-breadcrumbs-content":"","ast-featured-img":"","footer-sml-layout":"","theme-transparent-header-meta":"","adv-header-id-meta":"","stick-header-meta":"","header-above-stick-meta":"","header-main-stick-meta":"","header-below-stick-meta":"","astra-migrate-meta-layouts":"default","ast-page-background-enabled":"default","ast-page-background-meta":{"desktop":{"background-color":"var(--ast-global-color-4)","background-image":"","background-repeat":"repeat","background-position":"center center","background-size":"auto","background-attachment":"scroll","background-type":"","background-media":"","overlay-type":"","overlay-color":"","overlay-opacity":"","overlay-gradient":""},"tablet":{"background-color":"","background-image":"","background-repeat":"repeat","background-position":"center center","background-size":"auto","background-attachment":"scroll","background-type":"","background-media":"","overlay-type":"","overlay-color":"","overlay-opacity":"","overlay-gradient":""},"mobile":{"background-color":"","background-image":"","background-repeat":"repeat","background-position":"center center","background-size":"auto","background-attachment":"scroll","background-type":"","background-media":"","overlay-type":"","overlay-color":"","overlay-opacity":"","overlay-gradient":""}},"ast-content-background-meta":{"desktop":{"background-color":"var(--ast-global-color-5)","background-image":"","background-repeat":"repeat","background-position":"center center","background-size":"auto","background-attachment":"scroll","background-type":"","background-media":"","overlay-type":"","overlay-color":"","overlay-opacity":"","overlay-gradient":""},"tablet":{"background-color":"var(--ast-global-color-5)","background-image":"","background-repeat":"repeat","background-position":"center center","background-size":"auto","background-attachment":"scroll","background-type":"","background-media":"","overlay-type":"","overlay-color":"","overlay-opacity":"","overlay-gradient":""},"mobile":{"background-color":"var(--ast-global-color-5)","background-image":"","background-repeat":"repeat","background-position":"center center","background-size":"auto","background-attachment":"scroll","background-type":"","background-media":"","overlay-type":"","overlay-color":"","overlay-opacity":"","overlay-gradient":""}},"footnotes":""},"categories":[10,11,12,13,14,15,40,1,5],"tags":[529,100,530,18],"class_list":["post-14180","post","type-post","status-publish","format-standard","has-post-thumbnail","hentry","category-1r","category-2n","category-3r","category-4t","category-5e","category-6e","category-ef","category-general","category-primaria","tag-avaluacio","tag-educacio-fisica","tag-informes","tag-psicomotricitat"],"post_mailing_queue_ids":[],"_links":{"self":[{"href":"https:\/\/agora.xtec.cat\/ceippaucasals\/wp-json\/wp\/v2\/posts\/14180","targetHints":{"allow":["GET"]}}],"collection":[{"href":"https:\/\/agora.xtec.cat\/ceippaucasals\/wp-json\/wp\/v2\/posts"}],"about":[{"href":"https:\/\/agora.xtec.cat\/ceippaucasals\/wp-json\/wp\/v2\/types\/post"}],"author":[{"embeddable":true,"href":"https:\/\/agora.xtec.cat\/ceippaucasals\/wp-json\/wp\/v2\/users\/4"}],"replies":[{"embeddable":true,"href":"https:\/\/agora.xtec.cat\/ceippaucasals\/wp-json\/wp\/v2\/comments?post=14180"}],"version-history":[{"count":4,"href":"https:\/\/agora.xtec.cat\/ceippaucasals\/wp-json\/wp\/v2\/posts\/14180\/revisions"}],"predecessor-version":[{"id":14189,"href":"https:\/\/agora.xtec.cat\/ceippaucasals\/wp-json\/wp\/v2\/posts\/14180\/revisions\/14189"}],"wp:featuredmedia":[{"embeddable":true,"href":"https:\/\/agora.xtec.cat\/ceippaucasals\/wp-json\/wp\/v2\/media\/14185"}],"wp:attachment":[{"href":"https:\/\/agora.xtec.cat\/ceippaucasals\/wp-json\/wp\/v2\/media?parent=14180"}],"wp:term":[{"taxonomy":"category","embeddable":true,"href":"https:\/\/agora.xtec.cat\/ceippaucasals\/wp-json\/wp\/v2\/categories?post=14180"},{"taxonomy":"post_tag","embeddable":true,"href":"https:\/\/agora.xtec.cat\/ceippaucasals\/wp-json\/wp\/v2\/tags?post=14180"}],"curies":[{"name":"wp","href":"https:\/\/api.w.org\/{rel}","templated":true}]}}