{"id":14177,"date":"2024-12-15T13:41:29","date_gmt":"2024-12-15T12:41:29","guid":{"rendered":"https:\/\/agora.xtec.cat\/ceippaucasals\/?p=14177"},"modified":"2024-12-15T13:42:44","modified_gmt":"2024-12-15T12:42:44","slug":"cancons-santa-cecilia-2024","status":"publish","type":"post","link":"https:\/\/agora.xtec.cat\/ceippaucasals\/general\/cancons-santa-cecilia-2024\/","title":{"rendered":"Can\u00e7ons Santa Cec\u00edlia 2024"},"content":{"rendered":"<h2 style=\"text-align: center;\"><span style=\"color: #993366;\"><strong>Can\u00e7ons Santa Cec\u00edlia 2024<\/strong><\/span><\/h2>\n<p style=\"text-align: center;\">Us compartim les can\u00e7ons que els infants de l&#8217;escola van preparar i representar durant la jornada de Santa Cec\u00edlia d&#8217;enguany, dedicada als 40 anys de la Colla Gegantera de Vacarisses.<\/p>\n<p style=\"text-align: center;\"><strong>Podeu tornar a reviure-les i escoltar-les de nou tot clicant a sobre <a href=\"https:\/\/agora.xtec.cat\/ceippaucasals\/wp-content\/uploads\/usu990\/2024\/12\/Cancons-Santa-Cecilia-2024.pdf\">d&#8217;aquest enlla\u00e7.<\/a> <\/strong><strong>Esperem que les gaudiu!<\/strong><\/p>\n<p style=\"text-align: center;\"><em><a href=\"https:\/\/agora.xtec.cat\/ceippaucasals\/wp-content\/uploads\/usu990\/2024\/12\/Cancons-Santa-Cecilia-2024.jpg\"><img loading=\"lazy\" decoding=\"async\" class=\"alignnone wp-image-14174\" src=\"https:\/\/agora.xtec.cat\/ceippaucasals\/wp-content\/uploads\/usu990\/2024\/12\/Cancons-Santa-Cecilia-2024.jpg\" alt=\"\" width=\"335\" height=\"474\" srcset=\"https:\/\/agora.xtec.cat\/ceippaucasals\/wp-content\/uploads\/usu990\/2024\/12\/Cancons-Santa-Cecilia-2024.jpg 1414w, https:\/\/agora.xtec.cat\/ceippaucasals\/wp-content\/uploads\/usu990\/2024\/12\/Cancons-Santa-Cecilia-2024-212x300.jpg 212w, https:\/\/agora.xtec.cat\/ceippaucasals\/wp-content\/uploads\/usu990\/2024\/12\/Cancons-Santa-Cecilia-2024-724x1024.jpg 724w, https:\/\/agora.xtec.cat\/ceippaucasals\/wp-content\/uploads\/usu990\/2024\/12\/Cancons-Santa-Cecilia-2024-768x1086.jpg 768w, https:\/\/agora.xtec.cat\/ceippaucasals\/wp-content\/uploads\/usu990\/2024\/12\/Cancons-Santa-Cecilia-2024-1086x1536.jpg 1086w\" sizes=\"auto, (max-width: 335px) 100vw, 335px\" \/><\/a>\u00a0<\/em><\/p>\n","protected":false},"excerpt":{"rendered":"<p>Can\u00e7ons Santa Cec\u00edlia 2024 Us compartim les can\u00e7ons que els infants de l&#8217;escola van preparar i representar durant la jornada de Santa Cec\u00edlia d&#8217;enguany, dedicada als 40 anys de la Colla Gegantera de Vacarisses. Podeu tornar a reviure-les i escoltar-les de nou tot clicant a sobre d&#8217;aquest enlla\u00e7. Esperem que les gaudiu! \u00a0<\/p>\n","protected":false},"author":1,"featured_media":14174,"comment_status":"open","ping_status":"closed","sticky":false,"template":"","format":"standard","meta":{"_bbp_topic_count":0,"_bbp_reply_count":0,"_bbp_total_topic_count":0,"_bbp_total_reply_count":0,"_bbp_voice_count":0,"_bbp_anonymous_reply_count":0,"_bbp_topic_count_hidden":0,"_bbp_reply_count_hidden":0,"_bbp_forum_subforum_count":0,"site-sidebar-layout":"default","site-content-layout":"","ast-site-content-layout":"","site-content-style":"default","site-sidebar-style":"default","ast-global-header-display":"","ast-banner-title-visibility":"","ast-main-header-display":"","ast-hfb-above-header-display":"","ast-hfb-below-header-display":"","ast-hfb-mobile-header-display":"","site-post-title":"","ast-breadcrumbs-content":"","ast-featured-img":"","footer-sml-layout":"","theme-transparent-header-meta":"","adv-header-id-meta":"","stick-header-meta":"","header-above-stick-meta":"","header-main-stick-meta":"","header-below-stick-meta":"","astra-migrate-meta-layouts":"default","ast-page-background-enabled":"default","ast-page-background-meta":{"desktop":{"background-color":"var(--ast-global-color-4)","background-image":"","background-repeat":"repeat","background-position":"center center","background-size":"auto","background-attachment":"scroll","background-type":"","background-media":"","overlay-type":"","overlay-color":"","overlay-opacity":"","overlay-gradient":""},"tablet":{"background-color":"","background-image":"","background-repeat":"repeat","background-position":"center center","background-size":"auto","background-attachment":"scroll","background-type":"","background-media":"","overlay-type":"","overlay-color":"","overlay-opacity":"","overlay-gradient":""},"mobile":{"background-color":"","background-image":"","background-repeat":"repeat","background-position":"center center","background-size":"auto","background-attachment":"scroll","background-type":"","background-media":"","overlay-type":"","overlay-color":"","overlay-opacity":"","overlay-gradient":""}},"ast-content-background-meta":{"desktop":{"background-color":"var(--ast-global-color-5)","background-image":"","background-repeat":"repeat","background-position":"center center","background-size":"auto","background-attachment":"scroll","background-type":"","background-media":"","overlay-type":"","overlay-color":"","overlay-opacity":"","overlay-gradient":""},"tablet":{"background-color":"var(--ast-global-color-5)","background-image":"","background-repeat":"repeat","background-position":"center center","background-size":"auto","background-attachment":"scroll","background-type":"","background-media":"","overlay-type":"","overlay-color":"","overlay-opacity":"","overlay-gradient":""},"mobile":{"background-color":"var(--ast-global-color-5)","background-image":"","background-repeat":"repeat","background-position":"center center","background-size":"auto","background-attachment":"scroll","background-type":"","background-media":"","overlay-type":"","overlay-color":"","overlay-opacity":"","overlay-gradient":""}},"footnotes":""},"categories":[1,2,277,4,5],"tags":[],"class_list":["post-14177","post","type-post","status-publish","format-standard","has-post-thumbnail","hentry","category-general","category-infantil","category-musica","category-portada","category-primaria"],"post_mailing_queue_ids":[],"_links":{"self":[{"href":"https:\/\/agora.xtec.cat\/ceippaucasals\/wp-json\/wp\/v2\/posts\/14177","targetHints":{"allow":["GET"]}}],"collection":[{"href":"https:\/\/agora.xtec.cat\/ceippaucasals\/wp-json\/wp\/v2\/posts"}],"about":[{"href":"https:\/\/agora.xtec.cat\/ceippaucasals\/wp-json\/wp\/v2\/types\/post"}],"author":[{"embeddable":true,"href":"https:\/\/agora.xtec.cat\/ceippaucasals\/wp-json\/wp\/v2\/users\/1"}],"replies":[{"embeddable":true,"href":"https:\/\/agora.xtec.cat\/ceippaucasals\/wp-json\/wp\/v2\/comments?post=14177"}],"version-history":[{"count":2,"href":"https:\/\/agora.xtec.cat\/ceippaucasals\/wp-json\/wp\/v2\/posts\/14177\/revisions"}],"predecessor-version":[{"id":14179,"href":"https:\/\/agora.xtec.cat\/ceippaucasals\/wp-json\/wp\/v2\/posts\/14177\/revisions\/14179"}],"wp:featuredmedia":[{"embeddable":true,"href":"https:\/\/agora.xtec.cat\/ceippaucasals\/wp-json\/wp\/v2\/media\/14174"}],"wp:attachment":[{"href":"https:\/\/agora.xtec.cat\/ceippaucasals\/wp-json\/wp\/v2\/media?parent=14177"}],"wp:term":[{"taxonomy":"category","embeddable":true,"href":"https:\/\/agora.xtec.cat\/ceippaucasals\/wp-json\/wp\/v2\/categories?post=14177"},{"taxonomy":"post_tag","embeddable":true,"href":"https:\/\/agora.xtec.cat\/ceippaucasals\/wp-json\/wp\/v2\/tags?post=14177"}],"curies":[{"name":"wp","href":"https:\/\/api.w.org\/{rel}","templated":true}]}}