{"id":14127,"date":"2024-11-21T14:22:31","date_gmt":"2024-11-21T13:22:31","guid":{"rendered":"https:\/\/agora.xtec.cat\/ceippaucasals\/?p=14127"},"modified":"2024-11-21T14:24:34","modified_gmt":"2024-11-21T13:24:34","slug":"un-grup-de-5-estudiants-de-la-uab-realitza-una-sessio-psicomotriu","status":"publish","type":"post","link":"https:\/\/agora.xtec.cat\/ceippaucasals\/infantil\/un-grup-de-5-estudiants-de-la-uab-realitza-una-sessio-psicomotriu\/","title":{"rendered":"Un grup de 5 estudiants de la UAB realitza una sessi\u00f3 psicomotriu"},"content":{"rendered":"<p>L&#8217;escola Pau Casals de Vacarisses t\u00e9 vincles de col\u00b7laboraci\u00f3 amb la Universitat Aut\u00f2noma de Barcelona a trav\u00e9s del Grau d&#8217;Educaci\u00f3 Infantil.<\/p>\n<p>Les estudiants d&#8217;aquest Grau, quan estan en 4t (darrer curs), programen sessions de Psicomotricitat en una escola adherida al Projecte d&#8217;Aprenentatge Psicomotriu Co-Tutoritzat (PAPCo-T) de la UAB.<\/p>\n<p>En aquest cas, el grup format per la Raquel Br\u00edgido, l&#8217;Alba Mayo, la Meritxell Costa, l&#8217;Eric Marquez i la N\u00faria Marqu\u00e9s els quals van preparar una sessi\u00f3 psicomotriu d&#8217;Esquema i Imatge Corporal als infants del grup d&#8217;I3B, la classe de les fruites.<\/p>\n<p>Us deixem una foto d&#8217;ells i elles quan van acabar la sessi\u00f3 de forma exitosa.<\/p>\n<p><a href=\"https:\/\/agora.xtec.cat\/ceippaucasals\/infantil\/un-grup-de-5-estudiants-de-la-uab-realitza-una-sessio-psicomotriu\/attachment\/retallada_papco-t_2024\/\" rel=\"attachment wp-att-14128\"><img loading=\"lazy\" decoding=\"async\" class=\"aligncenter wp-image-14128\" src=\"https:\/\/agora.xtec.cat\/ceippaucasals\/wp-content\/uploads\/usu990\/2024\/11\/Retallada_PAPCo-T_2024.png\" alt=\"\" width=\"432\" height=\"449\" srcset=\"https:\/\/agora.xtec.cat\/ceippaucasals\/wp-content\/uploads\/usu990\/2024\/11\/Retallada_PAPCo-T_2024.png 504w, https:\/\/agora.xtec.cat\/ceippaucasals\/wp-content\/uploads\/usu990\/2024\/11\/Retallada_PAPCo-T_2024-289x300.png 289w\" sizes=\"auto, (max-width: 432px) 100vw, 432px\" \/><\/a><\/p>\n","protected":false},"excerpt":{"rendered":"<p>L&#8217;escola Pau Casals de Vacarisses t\u00e9 vincles de col\u00b7laboraci\u00f3 amb la Universitat Aut\u00f2noma de Barcelona a trav\u00e9s del Grau d&#8217;Educaci\u00f3 Infantil. Les estudiants d&#8217;aquest Grau, quan estan en 4t (darrer curs), programen sessions de Psicomotricitat en una escola adherida al Projecte d&#8217;Aprenentatge Psicomotriu Co-Tutoritzat (PAPCo-T) de la UAB. En aquest cas, el grup format per [&hellip;]<\/p>\n","protected":false},"author":4,"featured_media":14128,"comment_status":"closed","ping_status":"closed","sticky":false,"template":"","format":"standard","meta":{"_bbp_topic_count":0,"_bbp_reply_count":0,"_bbp_total_topic_count":0,"_bbp_total_reply_count":0,"_bbp_voice_count":0,"_bbp_anonymous_reply_count":0,"_bbp_topic_count_hidden":0,"_bbp_reply_count_hidden":0,"_bbp_forum_subforum_count":0,"site-sidebar-layout":"default","site-content-layout":"","ast-site-content-layout":"","site-content-style":"default","site-sidebar-style":"default","ast-global-header-display":"","ast-banner-title-visibility":"","ast-main-header-display":"","ast-hfb-above-header-display":"","ast-hfb-below-header-display":"","ast-hfb-mobile-header-display":"","site-post-title":"","ast-breadcrumbs-content":"","ast-featured-img":"","footer-sml-layout":"","theme-transparent-header-meta":"","adv-header-id-meta":"","stick-header-meta":"","header-above-stick-meta":"","header-main-stick-meta":"","header-below-stick-meta":"","astra-migrate-meta-layouts":"default","ast-page-background-enabled":"default","ast-page-background-meta":{"desktop":{"background-color":"var(--ast-global-color-4)","background-image":"","background-repeat":"repeat","background-position":"center center","background-size":"auto","background-attachment":"scroll","background-type":"","background-media":"","overlay-type":"","overlay-color":"","overlay-opacity":"","overlay-gradient":""},"tablet":{"background-color":"","background-image":"","background-repeat":"repeat","background-position":"center center","background-size":"auto","background-attachment":"scroll","background-type":"","background-media":"","overlay-type":"","overlay-color":"","overlay-opacity":"","overlay-gradient":""},"mobile":{"background-color":"","background-image":"","background-repeat":"repeat","background-position":"center center","background-size":"auto","background-attachment":"scroll","background-type":"","background-media":"","overlay-type":"","overlay-color":"","overlay-opacity":"","overlay-gradient":""}},"ast-content-background-meta":{"desktop":{"background-color":"var(--ast-global-color-5)","background-image":"","background-repeat":"repeat","background-position":"center center","background-size":"auto","background-attachment":"scroll","background-type":"","background-media":"","overlay-type":"","overlay-color":"","overlay-opacity":"","overlay-gradient":""},"tablet":{"background-color":"var(--ast-global-color-5)","background-image":"","background-repeat":"repeat","background-position":"center center","background-size":"auto","background-attachment":"scroll","background-type":"","background-media":"","overlay-type":"","overlay-color":"","overlay-opacity":"","overlay-gradient":""},"mobile":{"background-color":"var(--ast-global-color-5)","background-image":"","background-repeat":"repeat","background-position":"center center","background-size":"auto","background-attachment":"scroll","background-type":"","background-media":"","overlay-type":"","overlay-color":"","overlay-opacity":"","overlay-gradient":""}},"footnotes":""},"categories":[40,2,3],"tags":[176,18],"class_list":["post-14127","post","type-post","status-publish","format-standard","has-post-thumbnail","hentry","category-ef","category-infantil","category-p3","tag-alumnes-en-practiques","tag-psicomotricitat"],"post_mailing_queue_ids":[],"_links":{"self":[{"href":"https:\/\/agora.xtec.cat\/ceippaucasals\/wp-json\/wp\/v2\/posts\/14127","targetHints":{"allow":["GET"]}}],"collection":[{"href":"https:\/\/agora.xtec.cat\/ceippaucasals\/wp-json\/wp\/v2\/posts"}],"about":[{"href":"https:\/\/agora.xtec.cat\/ceippaucasals\/wp-json\/wp\/v2\/types\/post"}],"author":[{"embeddable":true,"href":"https:\/\/agora.xtec.cat\/ceippaucasals\/wp-json\/wp\/v2\/users\/4"}],"replies":[{"embeddable":true,"href":"https:\/\/agora.xtec.cat\/ceippaucasals\/wp-json\/wp\/v2\/comments?post=14127"}],"version-history":[{"count":2,"href":"https:\/\/agora.xtec.cat\/ceippaucasals\/wp-json\/wp\/v2\/posts\/14127\/revisions"}],"predecessor-version":[{"id":14130,"href":"https:\/\/agora.xtec.cat\/ceippaucasals\/wp-json\/wp\/v2\/posts\/14127\/revisions\/14130"}],"wp:featuredmedia":[{"embeddable":true,"href":"https:\/\/agora.xtec.cat\/ceippaucasals\/wp-json\/wp\/v2\/media\/14128"}],"wp:attachment":[{"href":"https:\/\/agora.xtec.cat\/ceippaucasals\/wp-json\/wp\/v2\/media?parent=14127"}],"wp:term":[{"taxonomy":"category","embeddable":true,"href":"https:\/\/agora.xtec.cat\/ceippaucasals\/wp-json\/wp\/v2\/categories?post=14127"},{"taxonomy":"post_tag","embeddable":true,"href":"https:\/\/agora.xtec.cat\/ceippaucasals\/wp-json\/wp\/v2\/tags?post=14127"}],"curies":[{"name":"wp","href":"https:\/\/api.w.org\/{rel}","templated":true}]}}