{"id":14012,"date":"2024-05-09T11:16:19","date_gmt":"2024-05-09T09:16:19","guid":{"rendered":"https:\/\/agora.xtec.cat\/ceippaucasals\/?p=14012"},"modified":"2024-06-26T13:16:36","modified_gmt":"2024-06-26T11:16:36","slug":"ajuts-menjador-curs-24-25","status":"publish","type":"post","link":"https:\/\/agora.xtec.cat\/ceippaucasals\/general\/ajuts-menjador-curs-24-25\/","title":{"rendered":"Ajuts menjador curs 24-25"},"content":{"rendered":"<p><img decoding=\"async\" src=\"https:\/\/www.vacarisses.cat\/media\/site1\/cache\/images\/basal-abril-16-redim-w480.jpg\" alt=\"Menjador escolar\" \/><\/p>\n<p>L&#8217;ajuntament de Vacarisses informa que a partir del dia 14 de maig de 2024 ja podeu fer la sol\u00b7licitud ajut de menjador escolar del curs 24-25.<\/p>\n<p>El per\u00edode per a sol\u00b7licitar els Ajuts de Menjador per al curs 2024-2025 ser\u00e0\u00a0<strong>del 14 al 31 de maig de 2024 de forma telem\u00e0tica<\/strong>, via\u00a0<a href=\"https:\/\/www.vacarisses.cat\/pl58\/seu-electronica\/tramits\/id30\/etram.htm\">inst\u00e0ncia electr\u00f2nica<\/a>, adjuntant el\u00a0<a title=\"Ajut de menjador escolar (formulari)\" href=\"https:\/\/www.vacarisses.cat\/files\/doc4573\/2024-2025-sol-licitud-ajut-menjador.pdf\">document de sol\u00b7licitud<\/a>. En el cas que no es pugui fer per via telem\u00e0tica, es pot sol.licitar a l\u2019<a href=\"https:\/\/www.vacarisses.cat\/ajuntament\/oficines-municipals-i-atencio-ciutadana\/id23\/ajuntament-de-vacarisses.htm\">OAC<\/a>\u00a0de l\u2019Ajuntament o b\u00e9 al Departament de d&#8217;<a href=\"https:\/\/www.vacarisses.cat\/ajuntament\/oficines-municipals-i-atencio-ciutadana\/id6\/oficina-de-serveis-socials.htm\">Acci\u00f3 Social<\/a>\u00a0(edifici La F\u00e0brica).<\/p>\n<p><strong>DOCUMENTACI\u00d3 A PRESENTAR<\/strong><\/p>\n<ul>\n<li><a title=\"Ajut de menjador escolar (formulari)\" href=\"https:\/\/www.vacarisses.cat\/files\/doc4573\/2024-2025-sol-licitud-ajut-menjador.pdf\">Sol\u00b7licitud<\/a>\u00a0degudament complimentada i signada.<\/li>\n<li>DNI\/NIE de totes les persones que conviuen en l\u2019habitatge, i, en cas de no disposar-ne, certificat de naixement o llibre de fam\u00edlia.<\/li>\n<li>Informar de l\u2019IDALU de l\u2019alumne\/a sol\u00b7licitant.<\/li>\n<li>En el cas que alguna persona de la unitat familiar rebi qualsevol classe d\u2019ingr\u00e9s corresponent a\u00a0<strong>rendiments no tributables o exempts<\/strong>, caldr\u00e0 aportar la seg\u00fcent documentaci\u00f3, en funci\u00f3 de la font o fonts d\u2019ingressos:\n<ul>\n<li>Original i fotoc\u00f2pia de l\u2019informe de vida laboral actualitzat, em\u00e8s per la Seguretat Social.<\/li>\n<li>Pensi\u00f3 d\u2019aliments dels fills\/es, en cas de divorci. Document acreditatiu de l\u2019atorgament i del seu import de l\u2019any 2023.<\/li>\n<li>Les persones que estiguin donades d\u2019alta al sistema especial de treball de la llar de la Seguretat Social, hauran d\u2019aportar el certificat de cotitzacions corresponent a l\u2019any 2023.<\/li>\n<li>Altres rendiments no contributius, mitjan\u00e7ant l\u2019acreditaci\u00f3 corresponent.<\/li>\n<li>En cas de no poder acreditar el nivell de renda familiar, declaraci\u00f3 jurada d\u2019ingressos.<\/li>\n<\/ul>\n<\/li>\n<li>En cas d\u2019infants en acolliment, resoluci\u00f3 d\u2019acolliment de la Direcci\u00f3 General d\u2019Atenci\u00f3 a la Inf\u00e0ncia i l\u2019Adolesc\u00e8ncia.<\/li>\n<li>Prestacions econ\u00f2miques d\u2019urg\u00e8ncia social, atorgades per administracions p\u00fabliques, que tinguin per finalitat atendre situacions de necessitats puntuals, urgents i b\u00e0siques, de subsist\u00e8ncia, degudament acreditades per l\u2019administraci\u00f3 competent.<\/li>\n<li>En cas de divorci: conveni o sent\u00e8ncia de divorci.<\/li>\n<li>Prestacions econ\u00f2miques per ajuts al lloguer de l\u2019habitatge.<\/li>\n<li>En cas de vidu\u00eftat d\u2019un progenitor\/a, adjuntar el certificat de defunci\u00f3.<\/li>\n<\/ul>\n<p>Per qualsevol dubte, contacteu amb<a href=\"https:\/\/www.vacarisses.cat\/pl56\/comunicacio\/informacio-d-interes\/id804\/ajut-de-menjador-escolar.htm\"> l&#8217;Ajuntament de Vacarisses.<\/a><\/p>\n","protected":false},"excerpt":{"rendered":"<p>L&#8217;ajuntament de Vacarisses informa que a partir del dia 14 de maig de 2024 ja podeu fer la sol\u00b7licitud ajut de menjador escolar del curs 24-25. El per\u00edode per a sol\u00b7licitar els Ajuts de Menjador per al curs 2024-2025 ser\u00e0\u00a0del 14 al 31 de maig de 2024 de forma telem\u00e0tica, via\u00a0inst\u00e0ncia electr\u00f2nica, adjuntant el\u00a0document de [&hellip;]<\/p>\n","protected":false},"author":1,"featured_media":0,"comment_status":"closed","ping_status":"closed","sticky":false,"template":"","format":"standard","meta":{"_bbp_topic_count":0,"_bbp_reply_count":0,"_bbp_total_topic_count":0,"_bbp_total_reply_count":0,"_bbp_voice_count":0,"_bbp_anonymous_reply_count":0,"_bbp_topic_count_hidden":0,"_bbp_reply_count_hidden":0,"_bbp_forum_subforum_count":0,"site-sidebar-layout":"default","site-content-layout":"","ast-site-content-layout":"","site-content-style":"default","site-sidebar-style":"default","ast-global-header-display":"","ast-banner-title-visibility":"","ast-main-header-display":"","ast-hfb-above-header-display":"","ast-hfb-below-header-display":"","ast-hfb-mobile-header-display":"","site-post-title":"","ast-breadcrumbs-content":"","ast-featured-img":"","footer-sml-layout":"","theme-transparent-header-meta":"","adv-header-id-meta":"","stick-header-meta":"","header-above-stick-meta":"","header-main-stick-meta":"","header-below-stick-meta":"","astra-migrate-meta-layouts":"default","ast-page-background-enabled":"default","ast-page-background-meta":{"desktop":{"background-color":"var(--ast-global-color-4)","background-image":"","background-repeat":"repeat","background-position":"center center","background-size":"auto","background-attachment":"scroll","background-type":"","background-media":"","overlay-type":"","overlay-color":"","overlay-opacity":"","overlay-gradient":""},"tablet":{"background-color":"","background-image":"","background-repeat":"repeat","background-position":"center center","background-size":"auto","background-attachment":"scroll","background-type":"","background-media":"","overlay-type":"","overlay-color":"","overlay-opacity":"","overlay-gradient":""},"mobile":{"background-color":"","background-image":"","background-repeat":"repeat","background-position":"center center","background-size":"auto","background-attachment":"scroll","background-type":"","background-media":"","overlay-type":"","overlay-color":"","overlay-opacity":"","overlay-gradient":""}},"ast-content-background-meta":{"desktop":{"background-color":"var(--ast-global-color-5)","background-image":"","background-repeat":"repeat","background-position":"center center","background-size":"auto","background-attachment":"scroll","background-type":"","background-media":"","overlay-type":"","overlay-color":"","overlay-opacity":"","overlay-gradient":""},"tablet":{"background-color":"var(--ast-global-color-5)","background-image":"","background-repeat":"repeat","background-position":"center center","background-size":"auto","background-attachment":"scroll","background-type":"","background-media":"","overlay-type":"","overlay-color":"","overlay-opacity":"","overlay-gradient":""},"mobile":{"background-color":"var(--ast-global-color-5)","background-image":"","background-repeat":"repeat","background-position":"center center","background-size":"auto","background-attachment":"scroll","background-type":"","background-media":"","overlay-type":"","overlay-color":"","overlay-opacity":"","overlay-gradient":""}},"footnotes":""},"categories":[7,115,1],"tags":[446],"class_list":["post-14012","post","type-post","status-publish","format-standard","hentry","category-afa","category-familia","category-general","tag-beques-menjador"],"post_mailing_queue_ids":[],"_links":{"self":[{"href":"https:\/\/agora.xtec.cat\/ceippaucasals\/wp-json\/wp\/v2\/posts\/14012","targetHints":{"allow":["GET"]}}],"collection":[{"href":"https:\/\/agora.xtec.cat\/ceippaucasals\/wp-json\/wp\/v2\/posts"}],"about":[{"href":"https:\/\/agora.xtec.cat\/ceippaucasals\/wp-json\/wp\/v2\/types\/post"}],"author":[{"embeddable":true,"href":"https:\/\/agora.xtec.cat\/ceippaucasals\/wp-json\/wp\/v2\/users\/1"}],"replies":[{"embeddable":true,"href":"https:\/\/agora.xtec.cat\/ceippaucasals\/wp-json\/wp\/v2\/comments?post=14012"}],"version-history":[{"count":2,"href":"https:\/\/agora.xtec.cat\/ceippaucasals\/wp-json\/wp\/v2\/posts\/14012\/revisions"}],"predecessor-version":[{"id":14014,"href":"https:\/\/agora.xtec.cat\/ceippaucasals\/wp-json\/wp\/v2\/posts\/14012\/revisions\/14014"}],"wp:attachment":[{"href":"https:\/\/agora.xtec.cat\/ceippaucasals\/wp-json\/wp\/v2\/media?parent=14012"}],"wp:term":[{"taxonomy":"category","embeddable":true,"href":"https:\/\/agora.xtec.cat\/ceippaucasals\/wp-json\/wp\/v2\/categories?post=14012"},{"taxonomy":"post_tag","embeddable":true,"href":"https:\/\/agora.xtec.cat\/ceippaucasals\/wp-json\/wp\/v2\/tags?post=14012"}],"curies":[{"name":"wp","href":"https:\/\/api.w.org\/{rel}","templated":true}]}}