{"id":13924,"date":"2024-02-15T13:20:21","date_gmt":"2024-02-15T12:20:21","guid":{"rendered":"https:\/\/agora.xtec.cat\/ceippaucasals\/?p=13924"},"modified":"2024-02-15T13:24:36","modified_gmt":"2024-02-15T12:24:36","slug":"tindrem-a-dos-mestres-que-realitzaran-practiques-de-psicomotricitat-a-i5-i-1r","status":"publish","type":"post","link":"https:\/\/agora.xtec.cat\/ceippaucasals\/infantil\/tindrem-a-dos-mestres-que-realitzaran-practiques-de-psicomotricitat-a-i5-i-1r\/","title":{"rendered":"Tindrem a dos mestres que realitzaran pr\u00e0ctiques de Psicomotricitat a i5 i 1r."},"content":{"rendered":"<p>A partir de dem\u00e0 dia 16 de febrer de 2024 a la nostra escola tindrem dues mestres d&#8217;Infantil i Prim\u00e0ria que faran les seves pr\u00e0ctiques de Psicomotricitat, corresponents al Postgrau en Desenvolupament Psicomotor de la UAB, el qual estan cursant ara mateix.<\/p>\n<p>Aquest per\u00edode comprendr\u00e0 tres mesos, en els quals vindran la Irene Guti\u00e9rrez sempre els divendres a la tarda amb els infants d&#8217;i5A (Classe de la Carme Palet) i el Pau Orgales els divendres tamb\u00e9 d&#8217;11:30 a 12:30 amb els infants de 1rB (Classe de l&#8217;Helena Serna).<\/p>\n<p>De ben segur que aquesta experi\u00e8ncia ens enriquir\u00e0 a tothom, tant mestres com alumnes.<\/p>\n<p><a href=\"https:\/\/agora.xtec.cat\/ceippaucasals\/dscn1361\/\"><img loading=\"lazy\" decoding=\"async\" class=\"aligncenter size-large wp-image-13653\" src=\"https:\/\/agora.xtec.cat\/ceippaucasals\/wp-content\/uploads\/usu990\/2023\/10\/DSCN1361-1024x768.jpg\" alt=\"\" width=\"1024\" height=\"768\" srcset=\"https:\/\/agora.xtec.cat\/ceippaucasals\/wp-content\/uploads\/usu990\/2023\/10\/DSCN1361-1024x768.jpg 1024w, https:\/\/agora.xtec.cat\/ceippaucasals\/wp-content\/uploads\/usu990\/2023\/10\/DSCN1361-300x225.jpg 300w, https:\/\/agora.xtec.cat\/ceippaucasals\/wp-content\/uploads\/usu990\/2023\/10\/DSCN1361-768x576.jpg 768w, https:\/\/agora.xtec.cat\/ceippaucasals\/wp-content\/uploads\/usu990\/2023\/10\/DSCN1361-200x150.jpg 200w, https:\/\/agora.xtec.cat\/ceippaucasals\/wp-content\/uploads\/usu990\/2023\/10\/DSCN1361.jpg 1040w\" sizes=\"auto, (max-width: 1024px) 100vw, 1024px\" \/><\/a><\/p>\n","protected":false},"excerpt":{"rendered":"<p>A partir de dem\u00e0 dia 16 de febrer de 2024 a la nostra escola tindrem dues mestres d&#8217;Infantil i Prim\u00e0ria que faran les seves pr\u00e0ctiques de Psicomotricitat, corresponents al Postgrau en Desenvolupament Psicomotor de la UAB, el qual estan cursant ara mateix. Aquest per\u00edode comprendr\u00e0 tres mesos, en els quals vindran la Irene Guti\u00e9rrez sempre [&hellip;]<\/p>\n","protected":false},"author":4,"featured_media":13654,"comment_status":"closed","ping_status":"closed","sticky":false,"template":"","format":"standard","meta":{"_bbp_topic_count":0,"_bbp_reply_count":0,"_bbp_total_topic_count":0,"_bbp_total_reply_count":0,"_bbp_voice_count":0,"_bbp_anonymous_reply_count":0,"_bbp_topic_count_hidden":0,"_bbp_reply_count_hidden":0,"_bbp_forum_subforum_count":0,"site-sidebar-layout":"default","site-content-layout":"","ast-site-content-layout":"","site-content-style":"default","site-sidebar-style":"default","ast-global-header-display":"","ast-banner-title-visibility":"","ast-main-header-display":"","ast-hfb-above-header-display":"","ast-hfb-below-header-display":"","ast-hfb-mobile-header-display":"","site-post-title":"","ast-breadcrumbs-content":"","ast-featured-img":"","footer-sml-layout":"","theme-transparent-header-meta":"","adv-header-id-meta":"","stick-header-meta":"","header-above-stick-meta":"","header-main-stick-meta":"","header-below-stick-meta":"","astra-migrate-meta-layouts":"default","ast-page-background-enabled":"default","ast-page-background-meta":{"desktop":{"background-color":"var(--ast-global-color-4)","background-image":"","background-repeat":"repeat","background-position":"center center","background-size":"auto","background-attachment":"scroll","background-type":"","background-media":"","overlay-type":"","overlay-color":"","overlay-opacity":"","overlay-gradient":""},"tablet":{"background-color":"","background-image":"","background-repeat":"repeat","background-position":"center center","background-size":"auto","background-attachment":"scroll","background-type":"","background-media":"","overlay-type":"","overlay-color":"","overlay-opacity":"","overlay-gradient":""},"mobile":{"background-color":"","background-image":"","background-repeat":"repeat","background-position":"center center","background-size":"auto","background-attachment":"scroll","background-type":"","background-media":"","overlay-type":"","overlay-color":"","overlay-opacity":"","overlay-gradient":""}},"ast-content-background-meta":{"desktop":{"background-color":"var(--ast-global-color-5)","background-image":"","background-repeat":"repeat","background-position":"center center","background-size":"auto","background-attachment":"scroll","background-type":"","background-media":"","overlay-type":"","overlay-color":"","overlay-opacity":"","overlay-gradient":""},"tablet":{"background-color":"var(--ast-global-color-5)","background-image":"","background-repeat":"repeat","background-position":"center center","background-size":"auto","background-attachment":"scroll","background-type":"","background-media":"","overlay-type":"","overlay-color":"","overlay-opacity":"","overlay-gradient":""},"mobile":{"background-color":"var(--ast-global-color-5)","background-image":"","background-repeat":"repeat","background-position":"center center","background-size":"auto","background-attachment":"scroll","background-type":"","background-media":"","overlay-type":"","overlay-color":"","overlay-opacity":"","overlay-gradient":""}},"footnotes":""},"categories":[10,40,2,9,5],"tags":[176,18],"class_list":["post-13924","post","type-post","status-publish","format-standard","has-post-thumbnail","hentry","category-1r","category-ef","category-infantil","category-p5","category-primaria","tag-alumnes-en-practiques","tag-psicomotricitat"],"post_mailing_queue_ids":[],"_links":{"self":[{"href":"https:\/\/agora.xtec.cat\/ceippaucasals\/wp-json\/wp\/v2\/posts\/13924","targetHints":{"allow":["GET"]}}],"collection":[{"href":"https:\/\/agora.xtec.cat\/ceippaucasals\/wp-json\/wp\/v2\/posts"}],"about":[{"href":"https:\/\/agora.xtec.cat\/ceippaucasals\/wp-json\/wp\/v2\/types\/post"}],"author":[{"embeddable":true,"href":"https:\/\/agora.xtec.cat\/ceippaucasals\/wp-json\/wp\/v2\/users\/4"}],"replies":[{"embeddable":true,"href":"https:\/\/agora.xtec.cat\/ceippaucasals\/wp-json\/wp\/v2\/comments?post=13924"}],"version-history":[{"count":1,"href":"https:\/\/agora.xtec.cat\/ceippaucasals\/wp-json\/wp\/v2\/posts\/13924\/revisions"}],"predecessor-version":[{"id":13925,"href":"https:\/\/agora.xtec.cat\/ceippaucasals\/wp-json\/wp\/v2\/posts\/13924\/revisions\/13925"}],"wp:featuredmedia":[{"embeddable":true,"href":"https:\/\/agora.xtec.cat\/ceippaucasals\/wp-json\/wp\/v2\/media\/13654"}],"wp:attachment":[{"href":"https:\/\/agora.xtec.cat\/ceippaucasals\/wp-json\/wp\/v2\/media?parent=13924"}],"wp:term":[{"taxonomy":"category","embeddable":true,"href":"https:\/\/agora.xtec.cat\/ceippaucasals\/wp-json\/wp\/v2\/categories?post=13924"},{"taxonomy":"post_tag","embeddable":true,"href":"https:\/\/agora.xtec.cat\/ceippaucasals\/wp-json\/wp\/v2\/tags?post=13924"}],"curies":[{"name":"wp","href":"https:\/\/api.w.org\/{rel}","templated":true}]}}