{"id":13920,"date":"2024-02-11T20:26:46","date_gmt":"2024-02-11T19:26:46","guid":{"rendered":"https:\/\/agora.xtec.cat\/ceippaucasals\/?p=13920"},"modified":"2024-04-15T15:59:40","modified_gmt":"2024-04-15T13:59:40","slug":"tallers-de-carnaval-2024","status":"publish","type":"post","link":"https:\/\/agora.xtec.cat\/ceippaucasals\/infantil\/tallers-de-carnaval-2024\/","title":{"rendered":"Tallers de carnaval 2024"},"content":{"rendered":"<p>Aquest divendres dia 9 de febrer el dia de carnaval ha comen\u00e7at a l&#8217;escola amb uns tallers molt especials. Tot l&#8217;alumnat de l&#8217;escola s&#8217;ha barrejat i ha ocupat diferents espais del centre per fer coneixen\u00e7a mentre duien a terme una manualitat. L&#8217;experi\u00e8ncia ha estat fant\u00e0stica i grans i petits s&#8217;han conegut, han compartit, s&#8217;han ajudat&#8230; La valoraci\u00f3 per part d&#8217;alumnes i de docents ha estat molt i molt positiva.<\/p>\n<p>Esperem poder repetir el curs vinent!<\/p>\n<p>Les tutores i tutors us faran arribar per l&#8217;aplicaci\u00f3 de l&#8217;escola, l&#8217;enlla\u00e7 a les fotografies d&#8217;aquesta activitat.<\/p>\n<p style=\"text-align: center;\"><a href=\"https:\/\/agora.xtec.cat\/ceippaucasals\/wp-content\/uploads\/usu990\/2024\/02\/IMG_1866.jpg\"><img loading=\"lazy\" decoding=\"async\" class=\"alignnone size-full wp-image-13921\" src=\"https:\/\/agora.xtec.cat\/ceippaucasals\/wp-content\/uploads\/usu990\/2024\/02\/IMG_1866.jpg\" alt=\"\" width=\"594\" height=\"640\" srcset=\"https:\/\/agora.xtec.cat\/ceippaucasals\/wp-content\/uploads\/usu990\/2024\/02\/IMG_1866.jpg 594w, https:\/\/agora.xtec.cat\/ceippaucasals\/wp-content\/uploads\/usu990\/2024\/02\/IMG_1866-278x300.jpg 278w\" sizes=\"auto, (max-width: 594px) 100vw, 594px\" \/><\/a><\/p>\n","protected":false},"excerpt":{"rendered":"<p>Aquest divendres dia 9 de febrer el dia de carnaval ha comen\u00e7at a l&#8217;escola amb uns tallers molt especials. Tot l&#8217;alumnat de l&#8217;escola s&#8217;ha barrejat i ha ocupat diferents espais del centre per fer coneixen\u00e7a mentre duien a terme una manualitat. L&#8217;experi\u00e8ncia ha estat fant\u00e0stica i grans i petits s&#8217;han conegut, han compartit, s&#8217;han ajudat&#8230; [&hellip;]<\/p>\n","protected":false},"author":6,"featured_media":13921,"comment_status":"closed","ping_status":"closed","sticky":false,"template":"","format":"standard","meta":{"_bbp_topic_count":0,"_bbp_reply_count":0,"_bbp_total_topic_count":0,"_bbp_total_reply_count":0,"_bbp_voice_count":0,"_bbp_anonymous_reply_count":0,"_bbp_topic_count_hidden":0,"_bbp_reply_count_hidden":0,"_bbp_forum_subforum_count":0,"site-sidebar-layout":"default","site-content-layout":"","ast-site-content-layout":"","site-content-style":"default","site-sidebar-style":"default","ast-global-header-display":"","ast-banner-title-visibility":"","ast-main-header-display":"","ast-hfb-above-header-display":"","ast-hfb-below-header-display":"","ast-hfb-mobile-header-display":"","site-post-title":"","ast-breadcrumbs-content":"","ast-featured-img":"","footer-sml-layout":"","theme-transparent-header-meta":"","adv-header-id-meta":"","stick-header-meta":"","header-above-stick-meta":"","header-main-stick-meta":"","header-below-stick-meta":"","astra-migrate-meta-layouts":"default","ast-page-background-enabled":"default","ast-page-background-meta":{"desktop":{"background-color":"var(--ast-global-color-4)","background-image":"","background-repeat":"repeat","background-position":"center center","background-size":"auto","background-attachment":"scroll","background-type":"","background-media":"","overlay-type":"","overlay-color":"","overlay-opacity":"","overlay-gradient":""},"tablet":{"background-color":"","background-image":"","background-repeat":"repeat","background-position":"center center","background-size":"auto","background-attachment":"scroll","background-type":"","background-media":"","overlay-type":"","overlay-color":"","overlay-opacity":"","overlay-gradient":""},"mobile":{"background-color":"","background-image":"","background-repeat":"repeat","background-position":"center center","background-size":"auto","background-attachment":"scroll","background-type":"","background-media":"","overlay-type":"","overlay-color":"","overlay-opacity":"","overlay-gradient":""}},"ast-content-background-meta":{"desktop":{"background-color":"var(--ast-global-color-5)","background-image":"","background-repeat":"repeat","background-position":"center center","background-size":"auto","background-attachment":"scroll","background-type":"","background-media":"","overlay-type":"","overlay-color":"","overlay-opacity":"","overlay-gradient":""},"tablet":{"background-color":"var(--ast-global-color-5)","background-image":"","background-repeat":"repeat","background-position":"center center","background-size":"auto","background-attachment":"scroll","background-type":"","background-media":"","overlay-type":"","overlay-color":"","overlay-opacity":"","overlay-gradient":""},"mobile":{"background-color":"var(--ast-global-color-5)","background-image":"","background-repeat":"repeat","background-position":"center center","background-size":"auto","background-attachment":"scroll","background-type":"","background-media":"","overlay-type":"","overlay-color":"","overlay-opacity":"","overlay-gradient":""}},"footnotes":""},"categories":[39,2,5],"tags":[208,95,77,104,17,96,78],"class_list":["post-13920","post","type-post","status-publish","format-standard","has-post-thumbnail","hentry","category-convi","category-infantil","category-primaria","tag-carnestoltes","tag-escola","tag-festes","tag-infantil","tag-plastica","tag-primaria","tag-tallers"],"post_mailing_queue_ids":[],"_links":{"self":[{"href":"https:\/\/agora.xtec.cat\/ceippaucasals\/wp-json\/wp\/v2\/posts\/13920","targetHints":{"allow":["GET"]}}],"collection":[{"href":"https:\/\/agora.xtec.cat\/ceippaucasals\/wp-json\/wp\/v2\/posts"}],"about":[{"href":"https:\/\/agora.xtec.cat\/ceippaucasals\/wp-json\/wp\/v2\/types\/post"}],"author":[{"embeddable":true,"href":"https:\/\/agora.xtec.cat\/ceippaucasals\/wp-json\/wp\/v2\/users\/6"}],"replies":[{"embeddable":true,"href":"https:\/\/agora.xtec.cat\/ceippaucasals\/wp-json\/wp\/v2\/comments?post=13920"}],"version-history":[{"count":2,"href":"https:\/\/agora.xtec.cat\/ceippaucasals\/wp-json\/wp\/v2\/posts\/13920\/revisions"}],"predecessor-version":[{"id":13923,"href":"https:\/\/agora.xtec.cat\/ceippaucasals\/wp-json\/wp\/v2\/posts\/13920\/revisions\/13923"}],"wp:featuredmedia":[{"embeddable":true,"href":"https:\/\/agora.xtec.cat\/ceippaucasals\/wp-json\/wp\/v2\/media\/13921"}],"wp:attachment":[{"href":"https:\/\/agora.xtec.cat\/ceippaucasals\/wp-json\/wp\/v2\/media?parent=13920"}],"wp:term":[{"taxonomy":"category","embeddable":true,"href":"https:\/\/agora.xtec.cat\/ceippaucasals\/wp-json\/wp\/v2\/categories?post=13920"},{"taxonomy":"post_tag","embeddable":true,"href":"https:\/\/agora.xtec.cat\/ceippaucasals\/wp-json\/wp\/v2\/tags?post=13920"}],"curies":[{"name":"wp","href":"https:\/\/api.w.org\/{rel}","templated":true}]}}