{"id":13845,"date":"2024-01-02T19:53:46","date_gmt":"2024-01-02T18:53:46","guid":{"rendered":"https:\/\/agora.xtec.cat\/ceippaucasals\/?p=13845"},"modified":"2024-06-26T13:15:37","modified_gmt":"2024-06-26T11:15:37","slug":"coraleta-a-la-residencia-davis-el-serrat","status":"publish","type":"post","link":"https:\/\/agora.xtec.cat\/ceippaucasals\/general\/coraleta-a-la-residencia-davis-el-serrat\/","title":{"rendered":"Coraleta a la resid\u00e8ncia d&#8217;avis El Serrat"},"content":{"rendered":"<p>El dilluns dia 18 de desembre, la Coraleta de la nostra escola va poder recuperar una tradici\u00f3 que s&#8217;havia deixat per culpa de la Covid-19. Aquesta tradici\u00f3 \u00e9s la cantada de nadales a la resid\u00e8ncia d&#8217;avis El Serrat de Vacarisses.<br \/>\nLa visita a la resid\u00e8ncia d&#8217;avis es va dur a terme amb alumnat de 3r, 4t, 5\u00e8 i 6\u00e8 de la Coraleta i all\u00e0 van representar diverses can\u00e7ons treballades i tamb\u00e9 els versos de nadal apresos a cada nivell. La Meritxell, especialista de m\u00fasica i docent al capdavant d&#8217;aquesta formaci\u00f3, tamb\u00e9 va preparar activitats per tal de poder fer part\u00edcips els avis i les \u00e0vies en aquesta visita tan musical.<br \/>\nDespr\u00e9s de les representacions musicals, la resid\u00e8ncia va oferir esmorzar a l&#8217;alumnat i aquests van aprofitar aquesta estona per interactuar amb els avis i les \u00e0vies. Un moment molt bonic que tots i totes van viure molt contents i contentes.<br \/>\n<a href=\"https:\/\/agora.xtec.cat\/ceippaucasals\/wp-content\/uploads\/usu990\/2024\/01\/IMG_1295.jpg\"><img loading=\"lazy\" decoding=\"async\" class=\" wp-image-13846 aligncenter\" src=\"https:\/\/agora.xtec.cat\/ceippaucasals\/wp-content\/uploads\/usu990\/2024\/01\/IMG_1295.jpg\" alt=\"\" width=\"493\" height=\"277\" srcset=\"https:\/\/agora.xtec.cat\/ceippaucasals\/wp-content\/uploads\/usu990\/2024\/01\/IMG_1295.jpg 640w, https:\/\/agora.xtec.cat\/ceippaucasals\/wp-content\/uploads\/usu990\/2024\/01\/IMG_1295-300x169.jpg 300w\" sizes=\"auto, (max-width: 493px) 100vw, 493px\" \/><\/a><\/p>\n","protected":false},"excerpt":{"rendered":"<p>El dilluns dia 18 de desembre, la Coraleta de la nostra escola va poder recuperar una tradici\u00f3 que s&#8217;havia deixat per culpa de la Covid-19. Aquesta tradici\u00f3 \u00e9s la cantada de nadales a la resid\u00e8ncia d&#8217;avis El Serrat de Vacarisses. La visita a la resid\u00e8ncia d&#8217;avis es va dur a terme amb alumnat de 3r, [&hellip;]<\/p>\n","protected":false},"author":6,"featured_media":13846,"comment_status":"closed","ping_status":"closed","sticky":false,"template":"","format":"standard","meta":{"_bbp_topic_count":0,"_bbp_reply_count":0,"_bbp_total_topic_count":0,"_bbp_total_reply_count":0,"_bbp_voice_count":0,"_bbp_anonymous_reply_count":0,"_bbp_topic_count_hidden":0,"_bbp_reply_count_hidden":0,"_bbp_forum_subforum_count":0,"site-sidebar-layout":"default","site-content-layout":"","ast-site-content-layout":"","site-content-style":"default","site-sidebar-style":"default","ast-global-header-display":"","ast-banner-title-visibility":"","ast-main-header-display":"","ast-hfb-above-header-display":"","ast-hfb-below-header-display":"","ast-hfb-mobile-header-display":"","site-post-title":"","ast-breadcrumbs-content":"","ast-featured-img":"","footer-sml-layout":"","theme-transparent-header-meta":"","adv-header-id-meta":"","stick-header-meta":"","header-above-stick-meta":"","header-main-stick-meta":"","header-below-stick-meta":"","astra-migrate-meta-layouts":"default","ast-page-background-enabled":"default","ast-page-background-meta":{"desktop":{"background-color":"var(--ast-global-color-4)","background-image":"","background-repeat":"repeat","background-position":"center center","background-size":"auto","background-attachment":"scroll","background-type":"","background-media":"","overlay-type":"","overlay-color":"","overlay-opacity":"","overlay-gradient":""},"tablet":{"background-color":"","background-image":"","background-repeat":"repeat","background-position":"center center","background-size":"auto","background-attachment":"scroll","background-type":"","background-media":"","overlay-type":"","overlay-color":"","overlay-opacity":"","overlay-gradient":""},"mobile":{"background-color":"","background-image":"","background-repeat":"repeat","background-position":"center center","background-size":"auto","background-attachment":"scroll","background-type":"","background-media":"","overlay-type":"","overlay-color":"","overlay-opacity":"","overlay-gradient":""}},"ast-content-background-meta":{"desktop":{"background-color":"var(--ast-global-color-5)","background-image":"","background-repeat":"repeat","background-position":"center center","background-size":"auto","background-attachment":"scroll","background-type":"","background-media":"","overlay-type":"","overlay-color":"","overlay-opacity":"","overlay-gradient":""},"tablet":{"background-color":"var(--ast-global-color-5)","background-image":"","background-repeat":"repeat","background-position":"center center","background-size":"auto","background-attachment":"scroll","background-type":"","background-media":"","overlay-type":"","overlay-color":"","overlay-opacity":"","overlay-gradient":""},"mobile":{"background-color":"var(--ast-global-color-5)","background-image":"","background-repeat":"repeat","background-position":"center center","background-size":"auto","background-attachment":"scroll","background-type":"","background-media":"","overlay-type":"","overlay-color":"","overlay-opacity":"","overlay-gradient":""}},"footnotes":""},"categories":[1,277],"tags":[222,95,50,41,96],"class_list":["post-13845","post","type-post","status-publish","format-standard","has-post-thumbnail","hentry","category-general","category-musica","tag-coraleta","tag-escola","tag-musica","tag-nadal","tag-primaria"],"post_mailing_queue_ids":[],"_links":{"self":[{"href":"https:\/\/agora.xtec.cat\/ceippaucasals\/wp-json\/wp\/v2\/posts\/13845","targetHints":{"allow":["GET"]}}],"collection":[{"href":"https:\/\/agora.xtec.cat\/ceippaucasals\/wp-json\/wp\/v2\/posts"}],"about":[{"href":"https:\/\/agora.xtec.cat\/ceippaucasals\/wp-json\/wp\/v2\/types\/post"}],"author":[{"embeddable":true,"href":"https:\/\/agora.xtec.cat\/ceippaucasals\/wp-json\/wp\/v2\/users\/6"}],"replies":[{"embeddable":true,"href":"https:\/\/agora.xtec.cat\/ceippaucasals\/wp-json\/wp\/v2\/comments?post=13845"}],"version-history":[{"count":4,"href":"https:\/\/agora.xtec.cat\/ceippaucasals\/wp-json\/wp\/v2\/posts\/13845\/revisions"}],"predecessor-version":[{"id":13850,"href":"https:\/\/agora.xtec.cat\/ceippaucasals\/wp-json\/wp\/v2\/posts\/13845\/revisions\/13850"}],"wp:featuredmedia":[{"embeddable":true,"href":"https:\/\/agora.xtec.cat\/ceippaucasals\/wp-json\/wp\/v2\/media\/13846"}],"wp:attachment":[{"href":"https:\/\/agora.xtec.cat\/ceippaucasals\/wp-json\/wp\/v2\/media?parent=13845"}],"wp:term":[{"taxonomy":"category","embeddable":true,"href":"https:\/\/agora.xtec.cat\/ceippaucasals\/wp-json\/wp\/v2\/categories?post=13845"},{"taxonomy":"post_tag","embeddable":true,"href":"https:\/\/agora.xtec.cat\/ceippaucasals\/wp-json\/wp\/v2\/tags?post=13845"}],"curies":[{"name":"wp","href":"https:\/\/api.w.org\/{rel}","templated":true}]}}