{"id":13782,"date":"2023-11-29T11:43:55","date_gmt":"2023-11-29T10:43:55","guid":{"rendered":"https:\/\/agora.xtec.cat\/ceippaucasals\/?p=13782"},"modified":"2024-03-05T16:12:36","modified_gmt":"2024-03-05T15:12:36","slug":"resultats-eleccions-consell-escolar-sector-families","status":"publish","type":"post","link":"https:\/\/agora.xtec.cat\/ceippaucasals\/general\/resultats-eleccions-consell-escolar-sector-families\/","title":{"rendered":"Resultats eleccions Consell Escolar sector fam\u00edlies"},"content":{"rendered":"<div>\n<p><a href=\"https:\/\/agora.xtec.cat\/ceippaucasals\/wp-content\/uploads\/usu990\/2023\/11\/eleccions-consell-escolar.jpeg\"><img loading=\"lazy\" decoding=\"async\" class=\"alignnone size-full wp-image-13783\" src=\"https:\/\/agora.xtec.cat\/ceippaucasals\/wp-content\/uploads\/usu990\/2023\/11\/eleccions-consell-escolar.jpeg\" alt=\"\" width=\"455\" height=\"111\" srcset=\"https:\/\/agora.xtec.cat\/ceippaucasals\/wp-content\/uploads\/usu990\/2023\/11\/eleccions-consell-escolar.jpeg 455w, https:\/\/agora.xtec.cat\/ceippaucasals\/wp-content\/uploads\/usu990\/2023\/11\/eleccions-consell-escolar-300x73.jpeg 300w\" sizes=\"auto, (max-width: 455px) 100vw, 455px\" \/><\/a><\/p>\n<p>Ja estan penjats els resultats de les votacions d&#8217;ahir al consell escolar del sector pares, mares i tutor\/es legals a la cartellera d&#8217;entrada a l&#8217;escola.<\/p>\n<\/div>\n<div>\n<p>Felicitem a tots els pares i mares que vau exercir el vostre dret a vot i tamb\u00e9 els qui v\u00e0reu ser membres de la mesa com tamb\u00e9 els suplents. Destacar positivament que la participaci\u00f3 ha <strong>m\u00e9s que doblat<\/strong> la de les passades eleccions.<\/p>\n<\/div>\n<div>\n<p>Les cinc candidatures presentades han rebut vots, per\u00f2 entraran a formar part del nou consell escolar del sector pares i mares les dues m\u00e9s votades:<\/p>\n<\/div>\n<div><\/div>\n<div>\n<p><strong>Idoia Codina Torella<\/strong> amb 37 vots<\/p>\n<p><strong>M\u00f2nica Clavel S\u00e1nchez<\/strong> amb 26 vots<\/p>\n<p>Sergi Juzgado Casas 23 vots<\/p>\n<p>Gemma Domingo Vela 19 vots<\/p>\n<p>Meritxell Gui\u00f1\u00f3n Fuentes 16 vots<\/p>\n<p>&nbsp;<\/p>\n<p>D&#8217; aqu\u00ed pocs dies es constituir\u00e0 el nou consell escolar.<\/p>\n<\/div>\n","protected":false},"excerpt":{"rendered":"<p>Ja estan penjats els resultats de les votacions d&#8217;ahir al consell escolar del sector pares, mares i tutor\/es legals a la cartellera d&#8217;entrada a l&#8217;escola. Felicitem a tots els pares i mares que vau exercir el vostre dret a vot i tamb\u00e9 els qui v\u00e0reu ser membres de la mesa com tamb\u00e9 els suplents. Destacar [&hellip;]<\/p>\n","protected":false},"author":1,"featured_media":13783,"comment_status":"closed","ping_status":"closed","sticky":false,"template":"","format":"standard","meta":{"_bbp_topic_count":0,"_bbp_reply_count":0,"_bbp_total_topic_count":0,"_bbp_total_reply_count":0,"_bbp_voice_count":0,"_bbp_anonymous_reply_count":0,"_bbp_topic_count_hidden":0,"_bbp_reply_count_hidden":0,"_bbp_forum_subforum_count":0,"site-sidebar-layout":"default","site-content-layout":"","ast-site-content-layout":"","site-content-style":"default","site-sidebar-style":"default","ast-global-header-display":"","ast-banner-title-visibility":"","ast-main-header-display":"","ast-hfb-above-header-display":"","ast-hfb-below-header-display":"","ast-hfb-mobile-header-display":"","site-post-title":"","ast-breadcrumbs-content":"","ast-featured-img":"","footer-sml-layout":"","theme-transparent-header-meta":"","adv-header-id-meta":"","stick-header-meta":"","header-above-stick-meta":"","header-main-stick-meta":"","header-below-stick-meta":"","astra-migrate-meta-layouts":"default","ast-page-background-enabled":"default","ast-page-background-meta":{"desktop":{"background-color":"var(--ast-global-color-4)","background-image":"","background-repeat":"repeat","background-position":"center center","background-size":"auto","background-attachment":"scroll","background-type":"","background-media":"","overlay-type":"","overlay-color":"","overlay-opacity":"","overlay-gradient":""},"tablet":{"background-color":"","background-image":"","background-repeat":"repeat","background-position":"center center","background-size":"auto","background-attachment":"scroll","background-type":"","background-media":"","overlay-type":"","overlay-color":"","overlay-opacity":"","overlay-gradient":""},"mobile":{"background-color":"","background-image":"","background-repeat":"repeat","background-position":"center center","background-size":"auto","background-attachment":"scroll","background-type":"","background-media":"","overlay-type":"","overlay-color":"","overlay-opacity":"","overlay-gradient":""}},"ast-content-background-meta":{"desktop":{"background-color":"var(--ast-global-color-5)","background-image":"","background-repeat":"repeat","background-position":"center center","background-size":"auto","background-attachment":"scroll","background-type":"","background-media":"","overlay-type":"","overlay-color":"","overlay-opacity":"","overlay-gradient":""},"tablet":{"background-color":"var(--ast-global-color-5)","background-image":"","background-repeat":"repeat","background-position":"center center","background-size":"auto","background-attachment":"scroll","background-type":"","background-media":"","overlay-type":"","overlay-color":"","overlay-opacity":"","overlay-gradient":""},"mobile":{"background-color":"var(--ast-global-color-5)","background-image":"","background-repeat":"repeat","background-position":"center center","background-size":"auto","background-attachment":"scroll","background-type":"","background-media":"","overlay-type":"","overlay-color":"","overlay-opacity":"","overlay-gradient":""}},"footnotes":""},"categories":[10,11,12,13,14,15,115,1,2,3,8,9,5],"tags":[454,101],"class_list":["post-13782","post","type-post","status-publish","format-standard","has-post-thumbnail","hentry","category-1r","category-2n","category-3r","category-4t","category-5e","category-6e","category-familia","category-general","category-infantil","category-p3","category-p4","category-p5","category-primaria","tag-consell-escolar","tag-families"],"post_mailing_queue_ids":[],"_links":{"self":[{"href":"https:\/\/agora.xtec.cat\/ceippaucasals\/wp-json\/wp\/v2\/posts\/13782","targetHints":{"allow":["GET"]}}],"collection":[{"href":"https:\/\/agora.xtec.cat\/ceippaucasals\/wp-json\/wp\/v2\/posts"}],"about":[{"href":"https:\/\/agora.xtec.cat\/ceippaucasals\/wp-json\/wp\/v2\/types\/post"}],"author":[{"embeddable":true,"href":"https:\/\/agora.xtec.cat\/ceippaucasals\/wp-json\/wp\/v2\/users\/1"}],"replies":[{"embeddable":true,"href":"https:\/\/agora.xtec.cat\/ceippaucasals\/wp-json\/wp\/v2\/comments?post=13782"}],"version-history":[{"count":1,"href":"https:\/\/agora.xtec.cat\/ceippaucasals\/wp-json\/wp\/v2\/posts\/13782\/revisions"}],"predecessor-version":[{"id":13784,"href":"https:\/\/agora.xtec.cat\/ceippaucasals\/wp-json\/wp\/v2\/posts\/13782\/revisions\/13784"}],"wp:featuredmedia":[{"embeddable":true,"href":"https:\/\/agora.xtec.cat\/ceippaucasals\/wp-json\/wp\/v2\/media\/13783"}],"wp:attachment":[{"href":"https:\/\/agora.xtec.cat\/ceippaucasals\/wp-json\/wp\/v2\/media?parent=13782"}],"wp:term":[{"taxonomy":"category","embeddable":true,"href":"https:\/\/agora.xtec.cat\/ceippaucasals\/wp-json\/wp\/v2\/categories?post=13782"},{"taxonomy":"post_tag","embeddable":true,"href":"https:\/\/agora.xtec.cat\/ceippaucasals\/wp-json\/wp\/v2\/tags?post=13782"}],"curies":[{"name":"wp","href":"https:\/\/api.w.org\/{rel}","templated":true}]}}