{"id":13458,"date":"2023-05-03T09:49:07","date_gmt":"2023-05-03T07:49:07","guid":{"rendered":"https:\/\/agora.xtec.cat\/ceippaucasals\/?p=13458"},"modified":"2023-05-03T09:49:07","modified_gmt":"2023-05-03T07:49:07","slug":"lespai-dacollida","status":"publish","type":"post","link":"https:\/\/agora.xtec.cat\/ceippaucasals\/primaria\/lespai-dacollida\/","title":{"rendered":"L&#8217;ESPAI D&#8217;ACOLLIDA"},"content":{"rendered":"<p>Des que el curs 2021-2022, al tercer trimestre, vingueren al centre infants d\u2019Ucra\u00efna arrel del conflicte que pateix el pa\u00eds, a l\u2019escola Pau Casals de Vacarisses s\u2019organitz\u00e0 un espai d\u2019acollida per a tot l\u2019alumnat nouvingut i les seves fam\u00edlies.<\/p>\n<p>Estem parlant d\u2019un total d\u2019onze nens i nenes que participaren en diferents activitats educatives per tal de sentir-se m\u00e9s integrats a l\u2019escola i aix\u00ed comen\u00e7ar a adquirir la llengua vehicular: el catal\u00e0.<\/p>\n<p>Ha passat un temps d\u2019en\u00e7\u00e0, i alguns d\u2019aquests infants ja no hi s\u00f3n, tanmateix n\u2019han vingut de d\u2019altres pa\u00efsos, fet que ha generat que es mantingui, i a la vegada es transformi, el recurs.<\/p>\n<p>Enguany continuem treballant amb aquests infants de manera molt m\u00e9s personalitzada, facilitant-els-hi aprenentatges a nivell ling\u00fc\u00edstic, per\u00f2 tamb\u00e9 acompanyant-los en el seu proc\u00e9s d\u2019adaptaci\u00f3 a l\u2019escola i a la comunitat educativa.<\/p>\n<p>Afegir finalment que volem felicitar els infants de l\u2019espai d\u2019acollida per el gran esfor\u00e7 que estan fent en tots els aspectes.<\/p>\n<p>&nbsp;<\/p>\n","protected":false},"excerpt":{"rendered":"<p>Des que el curs 2021-2022, al tercer trimestre, vingueren al centre infants d\u2019Ucra\u00efna arrel del conflicte que pateix el pa\u00eds, a l\u2019escola Pau Casals de Vacarisses s\u2019organitz\u00e0 un espai d\u2019acollida per a tot l\u2019alumnat nouvingut i les seves fam\u00edlies. Estem parlant d\u2019un total d\u2019onze nens i nenes que participaren en diferents activitats educatives per tal [&hellip;]<\/p>\n","protected":false},"author":1,"featured_media":0,"comment_status":"closed","ping_status":"closed","sticky":false,"template":"","format":"standard","meta":{"_bbp_topic_count":0,"_bbp_reply_count":0,"_bbp_total_topic_count":0,"_bbp_total_reply_count":0,"_bbp_voice_count":0,"_bbp_anonymous_reply_count":0,"_bbp_topic_count_hidden":0,"_bbp_reply_count_hidden":0,"_bbp_forum_subforum_count":0,"site-sidebar-layout":"default","site-content-layout":"","ast-site-content-layout":"","site-content-style":"default","site-sidebar-style":"default","ast-global-header-display":"","ast-banner-title-visibility":"","ast-main-header-display":"","ast-hfb-above-header-display":"","ast-hfb-below-header-display":"","ast-hfb-mobile-header-display":"","site-post-title":"","ast-breadcrumbs-content":"","ast-featured-img":"","footer-sml-layout":"","theme-transparent-header-meta":"","adv-header-id-meta":"","stick-header-meta":"","header-above-stick-meta":"","header-main-stick-meta":"","header-below-stick-meta":"","astra-migrate-meta-layouts":"default","ast-page-background-enabled":"default","ast-page-background-meta":{"desktop":{"background-color":"var(--ast-global-color-4)","background-image":"","background-repeat":"repeat","background-position":"center center","background-size":"auto","background-attachment":"scroll","background-type":"","background-media":"","overlay-type":"","overlay-color":"","overlay-opacity":"","overlay-gradient":""},"tablet":{"background-color":"","background-image":"","background-repeat":"repeat","background-position":"center center","background-size":"auto","background-attachment":"scroll","background-type":"","background-media":"","overlay-type":"","overlay-color":"","overlay-opacity":"","overlay-gradient":""},"mobile":{"background-color":"","background-image":"","background-repeat":"repeat","background-position":"center center","background-size":"auto","background-attachment":"scroll","background-type":"","background-media":"","overlay-type":"","overlay-color":"","overlay-opacity":"","overlay-gradient":""}},"ast-content-background-meta":{"desktop":{"background-color":"var(--ast-global-color-5)","background-image":"","background-repeat":"repeat","background-position":"center center","background-size":"auto","background-attachment":"scroll","background-type":"","background-media":"","overlay-type":"","overlay-color":"","overlay-opacity":"","overlay-gradient":""},"tablet":{"background-color":"var(--ast-global-color-5)","background-image":"","background-repeat":"repeat","background-position":"center center","background-size":"auto","background-attachment":"scroll","background-type":"","background-media":"","overlay-type":"","overlay-color":"","overlay-opacity":"","overlay-gradient":""},"mobile":{"background-color":"var(--ast-global-color-5)","background-image":"","background-repeat":"repeat","background-position":"center center","background-size":"auto","background-attachment":"scroll","background-type":"","background-media":"","overlay-type":"","overlay-color":"","overlay-opacity":"","overlay-gradient":""}},"footnotes":""},"categories":[13,14,5],"tags":[],"class_list":["post-13458","post","type-post","status-publish","format-standard","hentry","category-4t","category-5e","category-primaria"],"post_mailing_queue_ids":[],"_links":{"self":[{"href":"https:\/\/agora.xtec.cat\/ceippaucasals\/wp-json\/wp\/v2\/posts\/13458","targetHints":{"allow":["GET"]}}],"collection":[{"href":"https:\/\/agora.xtec.cat\/ceippaucasals\/wp-json\/wp\/v2\/posts"}],"about":[{"href":"https:\/\/agora.xtec.cat\/ceippaucasals\/wp-json\/wp\/v2\/types\/post"}],"author":[{"embeddable":true,"href":"https:\/\/agora.xtec.cat\/ceippaucasals\/wp-json\/wp\/v2\/users\/1"}],"replies":[{"embeddable":true,"href":"https:\/\/agora.xtec.cat\/ceippaucasals\/wp-json\/wp\/v2\/comments?post=13458"}],"version-history":[{"count":1,"href":"https:\/\/agora.xtec.cat\/ceippaucasals\/wp-json\/wp\/v2\/posts\/13458\/revisions"}],"predecessor-version":[{"id":13459,"href":"https:\/\/agora.xtec.cat\/ceippaucasals\/wp-json\/wp\/v2\/posts\/13458\/revisions\/13459"}],"wp:attachment":[{"href":"https:\/\/agora.xtec.cat\/ceippaucasals\/wp-json\/wp\/v2\/media?parent=13458"}],"wp:term":[{"taxonomy":"category","embeddable":true,"href":"https:\/\/agora.xtec.cat\/ceippaucasals\/wp-json\/wp\/v2\/categories?post=13458"},{"taxonomy":"post_tag","embeddable":true,"href":"https:\/\/agora.xtec.cat\/ceippaucasals\/wp-json\/wp\/v2\/tags?post=13458"}],"curies":[{"name":"wp","href":"https:\/\/api.w.org\/{rel}","templated":true}]}}